{"id":4614,"date":"2023-11-20T11:39:12","date_gmt":"2023-11-20T11:39:12","guid":{"rendered":"https:\/\/cambionet.usts.fr\/congreso-de-la-sociedad-del-caribe-de-cultivos-alimentarios-cfcs-en-la-isla-de-granada\/"},"modified":"2024-02-16T12:30:17","modified_gmt":"2024-02-16T12:30:17","slug":"congreso-de-la-sociedad-del-caribe-de-cultivos-alimentarios-cfcs-en-la-isla-de-granada","status":"publish","type":"post","link":"https:\/\/cambionet.usts.fr\/es\/congreso-de-la-sociedad-del-caribe-de-cultivos-alimentarios-cfcs-en-la-isla-de-granada\/","title":{"rendered":"CONGRESO DE LA SOCIEDAD DEL CARIBE DE CULTIVOS ALIMENTARIOS \u2018CFCS\u2019 EN LA ISLA DE GRANADA"},"content":{"rendered":"\t\t<div data-elementor-type=\"wp-post\" data-elementor-id=\"4614\" class=\"elementor elementor-4614 elementor-1309\" data-elementor-post-type=\"post\">\n\t\t\t\t<div class=\"elementor-element elementor-element-ab1e020 e-flex e-con-boxed e-con e-parent\" data-id=\"ab1e020\" data-element_type=\"container\" data-e-type=\"container\">\n\t\t\t\t\t<div class=\"e-con-inner\">\n\t\t\t\t<div class=\"elementor-element elementor-element-23c454d elementor-widget elementor-widget-text-editor\" data-id=\"23c454d\" data-element_type=\"widget\" data-e-type=\"widget\" data-widget_type=\"text-editor.default\">\n\t\t\t\t<div class=\"elementor-widget-container\">\n\t\t\t\t\t\t\t\t\t<h2 style=\"text-align: center;\"><strong>CONGRESO DE LA SOCIEDAD DEL CARIBE DE CULTIVOS ALIMENTARIOS \u2018CFCS\u2019 EN LA ISLA DE GRANADA<\/strong><\/h2>\n<p style=\"text-align: center;\"><strong>14-20 de julio de 2023<\/strong><\/p>\n\t\t\t\t\t\t\t\t<\/div>\n\t\t\t\t<\/div>\n\t\t\t\t\t<\/div>\n\t\t\t\t<\/div>\n\t\t<div class=\"elementor-element elementor-element-bbf48dc e-flex e-con-boxed e-con e-parent\" data-id=\"bbf48dc\" data-element_type=\"container\" data-e-type=\"container\">\n\t\t\t\t\t<div class=\"e-con-inner\">\n\t\t\t\t<div class=\"elementor-element elementor-element-5583a6f elementor-widget__width-initial elementor-widget elementor-widget-image\" data-id=\"5583a6f\" data-element_type=\"widget\" data-e-type=\"widget\" data-widget_type=\"image.default\">\n\t\t\t\t<div class=\"elementor-widget-container\">\n\t\t\t\t\t\t\t\t\t\t\t\t\t\t\t\t<a href=\"https:\/\/sites.google.com\/view\/cpa-philanthropyactionweek2023\/home?authuser=0\">\n\t\t\t\t\t\t\t<img fetchpriority=\"high\" decoding=\"async\" width=\"800\" height=\"365\" src=\"https:\/\/cambionet.usts.fr\/wp-content\/uploads\/2023\/11\/Congres-de-la-Caribbean-Food-Crops-Society_cambionet-3.jpg\" class=\"attachment-large size-large wp-image-621\" alt=\"Congr\u00e8s de la Caribbean Food Crops Society_cambionet\" srcset=\"https:\/\/cambionet.usts.fr\/wp-content\/uploads\/2023\/11\/Congres-de-la-Caribbean-Food-Crops-Society_cambionet-3.jpg 960w, https:\/\/cambionet.usts.fr\/wp-content\/uploads\/2023\/11\/Congres-de-la-Caribbean-Food-Crops-Society_cambionet-3-300x137.jpg 300w, https:\/\/cambionet.usts.fr\/wp-content\/uploads\/2023\/11\/Congres-de-la-Caribbean-Food-Crops-Society_cambionet-3-768x350.jpg 768w\" sizes=\"(max-width: 800px) 100vw, 800px\" \/>\t\t\t\t\t\t\t\t<\/a>\n\t\t\t\t\t\t\t\t\t\t\t\t\t\t\t<\/div>\n\t\t\t\t<\/div>\n\t\t\t\t<div class=\"elementor-element elementor-element-7400102 elementor-widget elementor-widget-text-editor\" data-id=\"7400102\" data-element_type=\"widget\" data-e-type=\"widget\" data-widget_type=\"text-editor.default\">\n\t\t\t\t<div class=\"elementor-widget-container\">\n\t\t\t\t\t\t\t\t\t<div class=\"elementor-element elementor-element-1b24821 e-flex e-con-boxed e-con e-parent\" data-id=\"1b24821\" data-element_type=\"container\" data-settings=\"{\"content_width\":\"boxed\"}\" data-core-v316-plus=\"true\">\n<div class=\"e-con-inner\">\n<div class=\"elementor-element elementor-element-c7218bc elementor-widget elementor-widget-text-editor\" data-id=\"c7218bc\" data-element_type=\"widget\" data-widget_type=\"text-editor.default\">\n<div class=\"elementor-widget-container\">\n<p>La 56.\u00aa Conferencia Anual de la Sociedad Caribe\u00f1a de Cultivos Alimentarios (CFCS) se celebr\u00f3 en la isla de Granada del 10 al 14 de julio de 2023, en el Grenada Trade Center, Grand Anse, Granada, W.I. (<a href=\"https:\/\/www.cfcs1963.org\">https:\/\/www.cfcs1963.org<\/a>).<\/p>\n<p>El tema fue : <i>\u201cAumento de la resiliencia de los sistemas alimentarios en el Caribe mediante la vinculaci\u00f3n y modernizaci\u00f3n de la extensi\u00f3n y la investigaci\u00f3n agr\u00edcolas\u201d.<\/i><\/p>\n<p>El congreso acogi\u00f3 a un centenar de participantes (<i>en raison des contraintes impos\u00e9es par la COVID, la CFCS ne s&#8217;\u00e9tait pas r\u00e9unie en pr\u00e9sentiel depuis 2019. Les tractations pour l&#8217;organisation du Congr\u00e8s \u00e0 la Grenade ont \u00e9t\u00e9 initi\u00e9es au d\u00e9but de l&#8217;ann\u00e9e 2023, laissant tr\u00e8s peu de temps pour la preparaci\u00f3n <\/i>) con fuerte representaci\u00f3n de todo el Gran Caribe (Guyana, Surinam, Guayana Francesa, Trinidad y Tobago, Barbados, Granada, San Vicente, Santa Luc\u00eda, Dominica, Guadalupe, San Mart\u00edn, Islas V\u00edrgenes, Puerto Rico, Jamaica, Hait\u00ed, Rep\u00fablica Dominicana). , Cuba, Florida) y otros pa\u00edses (Sud\u00e1frica, China y Jap\u00f3n). Todas las sesiones se transmitieron en vivo en el sitio FaceBook de CFCS y se pueden ver en su totalidad. <\/p>\n<p>La jornada del 11 de julio fue organizada conjuntamente por la red caribe\u00f1a CAEPNet \u00bb <i>Caribbean Agricultural Extension Providers&#8217; Network <\/i>\u00bby el proyecto CambioNet \u00ab <i>Caribbean and Amazonian Bioeconomic Network<\/i> \u00bb alrededor de dos sesiones, una por la ma\u00f1ana con CAEPNet sobre sistemas de extensi\u00f3n agr\u00edcola, la otra por la tarde con CambioNet sobre sistemas de innovaci\u00f3n agr\u00edcola. El discurso introductorio de las dos sesiones estuvo a cargo del Dr. Guy Faure de Cirad (UMR Innovation), sobre la cuesti\u00f3n de la evoluci\u00f3n necesaria del asesoramiento agr\u00edcola para servir mejor a los <a href=\"https:\/\/cambionet.usts.fr\/observatoire-ocaba\/\">sistemas de innovaci\u00f3n<\/a> en un contexto de grandes transiciones en torno a los desaf\u00edos de la adaptaci\u00f3n al cambio clim\u00e1tico, la seguridad alimentaria y la modernizaci\u00f3n agroecol\u00f3gica.<\/p>\n<p>Dos paneles de discusi\u00f3n que reunieron a reconocidas personalidades de la regi\u00f3n del Caribe cerraron cada una de las dos sesiones. Todos los res\u00famenes de todas las intervenciones (orales o carteles) se compilar\u00e1n en las Actas del 56\u00ba CFCS y se publicar\u00e1n en l\u00ednea muy pronto. <\/p>\n<\/div>\n<\/div>\n<\/div>\n<\/div>\n\t\t\t\t\t\t\t\t<\/div>\n\t\t\t\t<\/div>\n\t\t\t\t\t<\/div>\n\t\t\t\t<\/div>\n\t\t<div class=\"elementor-element elementor-element-1b0b87fe e-flex e-con-boxed e-con e-parent\" data-id=\"1b0b87fe\" data-element_type=\"container\" data-e-type=\"container\">\n\t\t\t\t\t<div class=\"e-con-inner\">\n\t\t\t\t<div class=\"elementor-element elementor-element-5b7fcb24 elementor-widget__width-initial elementor-widget elementor-widget-image\" data-id=\"5b7fcb24\" data-element_type=\"widget\" data-e-type=\"widget\" data-widget_type=\"image.default\">\n\t\t\t\t<div class=\"elementor-widget-container\">\n\t\t\t\t\t\t\t\t\t\t\t\t\t\t\t<img decoding=\"async\" width=\"593\" height=\"395\" src=\"https:\/\/cambionet.usts.fr\/wp-content\/uploads\/2023\/11\/Congres-de-la-Caribbean-Food-Crops-Society_cambionet-1.jpg\" class=\"attachment-large size-large wp-image-611\" alt=\"\" srcset=\"https:\/\/cambionet.usts.fr\/wp-content\/uploads\/2023\/11\/Congres-de-la-Caribbean-Food-Crops-Society_cambionet-1.jpg 593w, https:\/\/cambionet.usts.fr\/wp-content\/uploads\/2023\/11\/Congres-de-la-Caribbean-Food-Crops-Society_cambionet-1-300x200.jpg 300w\" sizes=\"(max-width: 593px) 100vw, 593px\" \/>\t\t\t\t\t\t\t\t\t\t\t\t\t\t\t<\/div>\n\t\t\t\t<\/div>\n\t\t\t\t<div class=\"elementor-element elementor-element-92bf18e elementor-widget elementor-widget-image\" data-id=\"92bf18e\" data-element_type=\"widget\" data-e-type=\"widget\" data-widget_type=\"image.default\">\n\t\t\t\t<div class=\"elementor-widget-container\">\n\t\t\t\t\t\t\t\t\t\t\t\t\t\t\t<img decoding=\"async\" width=\"448\" height=\"299\" src=\"https:\/\/cambionet.usts.fr\/wp-content\/uploads\/2023\/11\/Congres-de-la-Caribbean-Food-Crops-Society_cambionet-2.jpg\" class=\"attachment-large size-large wp-image-616\" alt=\"\" srcset=\"https:\/\/cambionet.usts.fr\/wp-content\/uploads\/2023\/11\/Congres-de-la-Caribbean-Food-Crops-Society_cambionet-2.jpg 448w, https:\/\/cambionet.usts.fr\/wp-content\/uploads\/2023\/11\/Congres-de-la-Caribbean-Food-Crops-Society_cambionet-2-300x200.jpg 300w\" sizes=\"(max-width: 448px) 100vw, 448px\" \/>\t\t\t\t\t\t\t\t\t\t\t\t\t\t\t<\/div>\n\t\t\t\t<\/div>\n\t\t\t\t\t<\/div>\n\t\t\t\t<\/div>\n\t\t<div class=\"elementor-element elementor-element-a938afe e-flex e-con-boxed e-con e-parent\" data-id=\"a938afe\" data-element_type=\"container\" data-e-type=\"container\">\n\t\t\t\t\t<div class=\"e-con-inner\">\n\t\t\t\t<div class=\"elementor-element elementor-element-a7f4f53 elementor-widget elementor-widget-text-editor\" data-id=\"a7f4f53\" data-element_type=\"widget\" data-e-type=\"widget\" data-widget_type=\"text-editor.default\">\n\t\t\t\t<div class=\"elementor-widget-container\">\n\t\t\t\t\t\t\t\t\t<p>Esta reuni\u00f3n del CFCS en Granada tambi\u00e9n marc\u00f3 el 60\u00ba aniversario de la creaci\u00f3n de la Sociedad, durante la cual se honr\u00f3 al Dr. Guy Ana\u00efs, Director de Investigaci\u00f3n y jubilado del Centro INRAE \u200b\u200bAntillas-Guyane y al Dr. Harry Ozier-Lafontaine, Director de Investigaci\u00f3n del Centro INRAE-Antillas-Guyana, ha sido designado como nuevo Presidente de la Sociedad Caribe\u00f1a de Cultivos Alimenticios.<\/p>\n\t\t\t\t\t\t\t\t<\/div>\n\t\t\t\t<\/div>\n\t\t\t\t\t<\/div>\n\t\t\t\t<\/div>\n\t\t<div class=\"elementor-element elementor-element-c1f4226 e-flex e-con-boxed e-con e-parent\" data-id=\"c1f4226\" data-element_type=\"container\" data-e-type=\"container\">\n\t\t\t\t\t<div class=\"e-con-inner\">\n\t\t\t\t<div class=\"elementor-element elementor-element-e930380 elementor-share-buttons--view-icon-text elementor-share-buttons--skin-gradient elementor-share-buttons--shape-square elementor-grid-0 elementor-share-buttons--color-official elementor-widget elementor-widget-share-buttons\" data-id=\"e930380\" data-element_type=\"widget\" data-e-type=\"widget\" data-widget_type=\"share-buttons.default\">\n\t\t\t\t<div class=\"elementor-widget-container\">\n\t\t\t\t\t\t\t<div class=\"elementor-grid\" role=\"list\">\n\t\t\t\t\t\t\t\t<div class=\"elementor-grid-item\" role=\"listitem\">\n\t\t\t\t\t\t<div class=\"elementor-share-btn elementor-share-btn_facebook\" role=\"button\" tabindex=\"0\" aria-label=\"Compartir en facebook\">\n\t\t\t\t\t\t\t\t\t\t\t\t\t\t\t<span class=\"elementor-share-btn__icon\">\n\t\t\t\t\t\t\t\t<svg aria-hidden=\"true\" class=\"e-font-icon-svg e-fab-facebook\" viewBox=\"0 0 512 512\" xmlns=\"http:\/\/www.w3.org\/2000\/svg\"><path d=\"M504 256C504 119 393 8 256 8S8 119 8 256c0 123.78 90.69 226.38 209.25 245V327.69h-63V256h63v-54.64c0-62.15 37-96.48 93.67-96.48 27.14 0 55.52 4.84 55.52 4.84v61h-31.28c-30.8 0-40.41 19.12-40.41 38.73V256h68.78l-11 71.69h-57.78V501C413.31 482.38 504 379.78 504 256z\"><\/path><\/svg>\t\t\t\t\t\t\t<\/span>\n\t\t\t\t\t\t\t\t\t\t\t\t\t\t\t\t\t\t\t\t\t\t<div class=\"elementor-share-btn__text\">\n\t\t\t\t\t\t\t\t\t\t\t\t\t\t\t\t\t\t\t<span class=\"elementor-share-btn__title\">\n\t\t\t\t\t\t\t\t\t\tFacebook\t\t\t\t\t\t\t\t\t<\/span>\n\t\t\t\t\t\t\t\t\t\t\t\t\t\t\t\t\t<\/div>\n\t\t\t\t\t\t\t\t\t\t\t\t\t<\/div>\n\t\t\t\t\t<\/div>\n\t\t\t\t\t\t\t\t\t<div class=\"elementor-grid-item\" role=\"listitem\">\n\t\t\t\t\t\t<div class=\"elementor-share-btn elementor-share-btn_twitter\" role=\"button\" tabindex=\"0\" aria-label=\"Compartir en twitter\">\n\t\t\t\t\t\t\t\t\t\t\t\t\t\t\t<span class=\"elementor-share-btn__icon\">\n\t\t\t\t\t\t\t\t<svg aria-hidden=\"true\" class=\"e-font-icon-svg e-fab-twitter\" viewBox=\"0 0 512 512\" xmlns=\"http:\/\/www.w3.org\/2000\/svg\"><path d=\"M459.37 151.716c.325 4.548.325 9.097.325 13.645 0 138.72-105.583 298.558-298.558 298.558-59.452 0-114.68-17.219-161.137-47.106 8.447.974 16.568 1.299 25.34 1.299 49.055 0 94.213-16.568 130.274-44.832-46.132-.975-84.792-31.188-98.112-72.772 6.498.974 12.995 1.624 19.818 1.624 9.421 0 18.843-1.3 27.614-3.573-48.081-9.747-84.143-51.98-84.143-102.985v-1.299c13.969 7.797 30.214 12.67 47.431 13.319-28.264-18.843-46.781-51.005-46.781-87.391 0-19.492 5.197-37.36 14.294-52.954 51.655 63.675 129.3 105.258 216.365 109.807-1.624-7.797-2.599-15.918-2.599-24.04 0-57.828 46.782-104.934 104.934-104.934 30.213 0 57.502 12.67 76.67 33.137 23.715-4.548 46.456-13.32 66.599-25.34-7.798 24.366-24.366 44.833-46.132 57.827 21.117-2.273 41.584-8.122 60.426-16.243-14.292 20.791-32.161 39.308-52.628 54.253z\"><\/path><\/svg>\t\t\t\t\t\t\t<\/span>\n\t\t\t\t\t\t\t\t\t\t\t\t\t\t\t\t\t\t\t\t\t\t<div class=\"elementor-share-btn__text\">\n\t\t\t\t\t\t\t\t\t\t\t\t\t\t\t\t\t\t\t<span class=\"elementor-share-btn__title\">\n\t\t\t\t\t\t\t\t\t\tTwitter\t\t\t\t\t\t\t\t\t<\/span>\n\t\t\t\t\t\t\t\t\t\t\t\t\t\t\t\t\t<\/div>\n\t\t\t\t\t\t\t\t\t\t\t\t\t<\/div>\n\t\t\t\t\t<\/div>\n\t\t\t\t\t\t\t\t\t<div class=\"elementor-grid-item\" role=\"listitem\">\n\t\t\t\t\t\t<div class=\"elementor-share-btn elementor-share-btn_linkedin\" role=\"button\" tabindex=\"0\" aria-label=\"Compartir en linkedin\">\n\t\t\t\t\t\t\t\t\t\t\t\t\t\t\t<span class=\"elementor-share-btn__icon\">\n\t\t\t\t\t\t\t\t<svg aria-hidden=\"true\" class=\"e-font-icon-svg e-fab-linkedin\" viewBox=\"0 0 448 512\" xmlns=\"http:\/\/www.w3.org\/2000\/svg\"><path d=\"M416 32H31.9C14.3 32 0 46.5 0 64.3v383.4C0 465.5 14.3 480 31.9 480H416c17.6 0 32-14.5 32-32.3V64.3c0-17.8-14.4-32.3-32-32.3zM135.4 416H69V202.2h66.5V416zm-33.2-243c-21.3 0-38.5-17.3-38.5-38.5S80.9 96 102.2 96c21.2 0 38.5 17.3 38.5 38.5 0 21.3-17.2 38.5-38.5 38.5zm282.1 243h-66.4V312c0-24.8-.5-56.7-34.5-56.7-34.6 0-39.9 27-39.9 54.9V416h-66.4V202.2h63.7v29.2h.9c8.9-16.8 30.6-34.5 62.9-34.5 67.2 0 79.7 44.3 79.7 101.9V416z\"><\/path><\/svg>\t\t\t\t\t\t\t<\/span>\n\t\t\t\t\t\t\t\t\t\t\t\t\t\t\t\t\t\t\t\t\t\t<div class=\"elementor-share-btn__text\">\n\t\t\t\t\t\t\t\t\t\t\t\t\t\t\t\t\t\t\t<span class=\"elementor-share-btn__title\">\n\t\t\t\t\t\t\t\t\t\tLinkedIn\t\t\t\t\t\t\t\t\t<\/span>\n\t\t\t\t\t\t\t\t\t\t\t\t\t\t\t\t\t<\/div>\n\t\t\t\t\t\t\t\t\t\t\t\t\t<\/div>\n\t\t\t\t\t<\/div>\n\t\t\t\t\t\t\t\t\t<div class=\"elementor-grid-item\" role=\"listitem\">\n\t\t\t\t\t\t<div class=\"elementor-share-btn elementor-share-btn_whatsapp\" role=\"button\" tabindex=\"0\" aria-label=\"Compartir en whatsapp\">\n\t\t\t\t\t\t\t\t\t\t\t\t\t\t\t<span class=\"elementor-share-btn__icon\">\n\t\t\t\t\t\t\t\t<svg aria-hidden=\"true\" class=\"e-font-icon-svg e-fab-whatsapp\" viewBox=\"0 0 448 512\" xmlns=\"http:\/\/www.w3.org\/2000\/svg\"><path d=\"M380.9 97.1C339 55.1 283.2 32 223.9 32c-122.4 0-222 99.6-222 222 0 39.1 10.2 77.3 29.6 111L0 480l117.7-30.9c32.4 17.7 68.9 27 106.1 27h.1c122.3 0 224.1-99.6 224.1-222 0-59.3-25.2-115-67.1-157zm-157 341.6c-33.2 0-65.7-8.9-94-25.7l-6.7-4-69.8 18.3L72 359.2l-4.4-7c-18.5-29.4-28.2-63.3-28.2-98.2 0-101.7 82.8-184.5 184.6-184.5 49.3 0 95.6 19.2 130.4 54.1 34.8 34.9 56.2 81.2 56.1 130.5 0 101.8-84.9 184.6-186.6 184.6zm101.2-138.2c-5.5-2.8-32.8-16.2-37.9-18-5.1-1.9-8.8-2.8-12.5 2.8-3.7 5.6-14.3 18-17.6 21.8-3.2 3.7-6.5 4.2-12 1.4-32.6-16.3-54-29.1-75.5-66-5.7-9.8 5.7-9.1 16.3-30.3 1.8-3.7.9-6.9-.5-9.7-1.4-2.8-12.5-30.1-17.1-41.2-4.5-10.8-9.1-9.3-12.5-9.5-3.2-.2-6.9-.2-10.6-.2-3.7 0-9.7 1.4-14.8 6.9-5.1 5.6-19.4 19-19.4 46.3 0 27.3 19.9 53.7 22.6 57.4 2.8 3.7 39.1 59.7 94.8 83.8 35.2 15.2 49 16.5 66.6 13.9 10.7-1.6 32.8-13.4 37.4-26.4 4.6-13 4.6-24.1 3.2-26.4-1.3-2.5-5-3.9-10.5-6.6z\"><\/path><\/svg>\t\t\t\t\t\t\t<\/span>\n\t\t\t\t\t\t\t\t\t\t\t\t\t\t\t\t\t\t\t\t\t\t<div class=\"elementor-share-btn__text\">\n\t\t\t\t\t\t\t\t\t\t\t\t\t\t\t\t\t\t\t<span class=\"elementor-share-btn__title\">\n\t\t\t\t\t\t\t\t\t\tWhatsApp\t\t\t\t\t\t\t\t\t<\/span>\n\t\t\t\t\t\t\t\t\t\t\t\t\t\t\t\t\t<\/div>\n\t\t\t\t\t\t\t\t\t\t\t\t\t<\/div>\n\t\t\t\t\t<\/div>\n\t\t\t\t\t\t\t\t\t<div class=\"elementor-grid-item\" role=\"listitem\">\n\t\t\t\t\t\t<div class=\"elementor-share-btn elementor-share-btn_email\" role=\"button\" tabindex=\"0\" aria-label=\"Compartir en email\">\n\t\t\t\t\t\t\t\t\t\t\t\t\t\t\t<span class=\"elementor-share-btn__icon\">\n\t\t\t\t\t\t\t\t<svg aria-hidden=\"true\" class=\"e-font-icon-svg e-fas-envelope\" viewBox=\"0 0 512 512\" xmlns=\"http:\/\/www.w3.org\/2000\/svg\"><path d=\"M502.3 190.8c3.9-3.1 9.7-.2 9.7 4.7V400c0 26.5-21.5 48-48 48H48c-26.5 0-48-21.5-48-48V195.6c0-5 5.7-7.8 9.7-4.7 22.4 17.4 52.1 39.5 154.1 113.6 21.1 15.4 56.7 47.8 92.2 47.6 35.7.3 72-32.8 92.3-47.6 102-74.1 131.6-96.3 154-113.7zM256 320c23.2.4 56.6-29.2 73.4-41.4 132.7-96.3 142.8-104.7 173.4-128.7 5.8-4.5 9.2-11.5 9.2-18.9v-19c0-26.5-21.5-48-48-48H48C21.5 64 0 85.5 0 112v19c0 7.4 3.4 14.3 9.2 18.9 30.6 23.9 40.7 32.4 173.4 128.7 16.8 12.2 50.2 41.8 73.4 41.4z\"><\/path><\/svg>\t\t\t\t\t\t\t<\/span>\n\t\t\t\t\t\t\t\t\t\t\t\t\t\t\t\t\t\t\t\t\t\t<div class=\"elementor-share-btn__text\">\n\t\t\t\t\t\t\t\t\t\t\t\t\t\t\t\t\t\t\t<span class=\"elementor-share-btn__title\">\n\t\t\t\t\t\t\t\t\t\tEmail\t\t\t\t\t\t\t\t\t<\/span>\n\t\t\t\t\t\t\t\t\t\t\t\t\t\t\t\t\t<\/div>\n\t\t\t\t\t\t\t\t\t\t\t\t\t<\/div>\n\t\t\t\t\t<\/div>\n\t\t\t\t\t\t\t\t\t<div class=\"elementor-grid-item\" role=\"listitem\">\n\t\t\t\t\t\t<div class=\"elementor-share-btn elementor-share-btn_print\" role=\"button\" tabindex=\"0\" aria-label=\"Compartir en print\">\n\t\t\t\t\t\t\t\t\t\t\t\t\t\t\t<span class=\"elementor-share-btn__icon\">\n\t\t\t\t\t\t\t\t<svg aria-hidden=\"true\" class=\"e-font-icon-svg e-fas-print\" viewBox=\"0 0 512 512\" xmlns=\"http:\/\/www.w3.org\/2000\/svg\"><path d=\"M448 192V77.25c0-8.49-3.37-16.62-9.37-22.63L393.37 9.37c-6-6-14.14-9.37-22.63-9.37H96C78.33 0 64 14.33 64 32v160c-35.35 0-64 28.65-64 64v112c0 8.84 7.16 16 16 16h48v96c0 17.67 14.33 32 32 32h320c17.67 0 32-14.33 32-32v-96h48c8.84 0 16-7.16 16-16V256c0-35.35-28.65-64-64-64zm-64 256H128v-96h256v96zm0-224H128V64h192v48c0 8.84 7.16 16 16 16h48v96zm48 72c-13.25 0-24-10.75-24-24 0-13.26 10.75-24 24-24s24 10.74 24 24c0 13.25-10.75 24-24 24z\"><\/path><\/svg>\t\t\t\t\t\t\t<\/span>\n\t\t\t\t\t\t\t\t\t\t\t\t\t\t\t\t\t\t\t\t\t\t<div class=\"elementor-share-btn__text\">\n\t\t\t\t\t\t\t\t\t\t\t\t\t\t\t\t\t\t\t<span class=\"elementor-share-btn__title\">\n\t\t\t\t\t\t\t\t\t\tPrint\t\t\t\t\t\t\t\t\t<\/span>\n\t\t\t\t\t\t\t\t\t\t\t\t\t\t\t\t\t<\/div>\n\t\t\t\t\t\t\t\t\t\t\t\t\t<\/div>\n\t\t\t\t\t<\/div>\n\t\t\t\t\t\t<\/div>\n\t\t\t\t\t\t<\/div>\n\t\t\t\t<\/div>\n\t\t\t\t\t<\/div>\n\t\t\t\t<\/div>\n\t\t\t\t<\/div>\n\t\t","protected":false},"excerpt":{"rendered":"<p>CONGRESO DE LA SOCIEDAD DEL CARIBE DE CULTIVOS ALIMENTARIOS \u2018CFCS\u2019 EN LA ISLA DE GRANADA 14-20 de julio de 2023 La 56.\u00aa Conferencia Anual de la Sociedad Caribe\u00f1a de Cultivos Alimentarios (CFCS) se celebr\u00f3 en la isla de Granada del 10 al 14 de julio de 2023, en el Grenada Trade Center, Grand Anse, Granada, [&hellip;]<\/p>\n","protected":false},"author":6,"featured_media":625,"comment_status":"open","ping_status":"closed","sticky":false,"template":"","format":"standard","meta":{"footnotes":""},"categories":[98],"tags":[],"class_list":["post-4614","post","type-post","status-publish","format-standard","has-post-thumbnail","hentry","category-congreso"],"yoast_head":"<!-- This site is optimized with the Yoast SEO plugin v27.5 - https:\/\/yoast.com\/product\/yoast-seo-wordpress\/ -->\n<title>CONGRESO DE LA SOCIEDAD DEL CARIBE DE CULTIVOS ALIMENTARIOS \u2018CFCS\u2019 EN LA ISLA DE GRANADA<\/title>\n<meta name=\"description\" content=\"El 56\u00b0 Congreso Anual de la Sociedad Caribe\u00f1a de Cultivos Alimentarios (CFCS) se celebr\u00f3 en la isla de Granada del 10 al 14 de julio de 2023\" \/>\n<meta name=\"robots\" content=\"noindex, follow, max-snippet:-1, max-image-preview:large, max-video-preview:-1\" \/>\n<meta property=\"og:locale\" content=\"es_ES\" \/>\n<meta property=\"og:type\" content=\"article\" \/>\n<meta property=\"og:title\" content=\"CONGRESO DE LA SOCIEDAD DEL CARIBE DE CULTIVOS ALIMENTARIOS \u2018CFCS\u2019 EN LA ISLA DE GRANADA\" \/>\n<meta property=\"og:description\" content=\"El 56\u00b0 Congreso Anual de la Sociedad Caribe\u00f1a de Cultivos Alimentarios (CFCS) se celebr\u00f3 en la isla de Granada del 10 al 14 de julio de 2023\" \/>\n<meta property=\"og:url\" content=\"https:\/\/cambionet.usts.fr\/es\/congreso-de-la-sociedad-del-caribe-de-cultivos-alimentarios-cfcs-en-la-isla-de-granada\/\" \/>\n<meta property=\"og:site_name\" content=\"Cambionet\" \/>\n<meta property=\"article:published_time\" content=\"2023-11-20T11:39:12+00:00\" \/>\n<meta property=\"article:modified_time\" content=\"2024-02-16T12:30:17+00:00\" \/>\n<meta property=\"og:image\" content=\"https:\/\/cambionet.usts.fr\/wp-content\/uploads\/2023\/11\/Congres-de-la-Caribbean-Food-Crops-Society_cambionet-3.jpg\" \/>\n\t<meta property=\"og:image:width\" content=\"960\" \/>\n\t<meta property=\"og:image:height\" content=\"438\" \/>\n\t<meta property=\"og:image:type\" content=\"image\/jpeg\" \/>\n<meta name=\"author\" content=\"Anais Ramalho\" \/>\n<meta name=\"twitter:card\" content=\"summary_large_image\" \/>\n<meta name=\"twitter:label1\" content=\"Escrito por\" \/>\n\t<meta name=\"twitter:data1\" content=\"Anais Ramalho\" \/>\n\t<meta name=\"twitter:label2\" content=\"Tiempo de lectura\" \/>\n\t<meta name=\"twitter:data2\" content=\"2 minutos\" \/>\n<script type=\"application\/ld+json\" class=\"yoast-schema-graph\">{\"@context\":\"https:\\\/\\\/schema.org\",\"@graph\":[{\"@type\":\"Article\",\"@id\":\"https:\\\/\\\/cambionet.usts.fr\\\/es\\\/congreso-de-la-sociedad-del-caribe-de-cultivos-alimentarios-cfcs-en-la-isla-de-granada\\\/#article\",\"isPartOf\":{\"@id\":\"https:\\\/\\\/cambionet.usts.fr\\\/es\\\/congreso-de-la-sociedad-del-caribe-de-cultivos-alimentarios-cfcs-en-la-isla-de-granada\\\/\"},\"author\":{\"name\":\"Anais Ramalho\",\"@id\":\"https:\\\/\\\/cambionet.usts.fr\\\/es\\\/#\\\/schema\\\/person\\\/b7e1ff310d206699c7ed24fec8fd141b\"},\"headline\":\"CONGRESO DE LA SOCIEDAD DEL CARIBE DE CULTIVOS ALIMENTARIOS \u2018CFCS\u2019 EN LA ISLA DE GRANADA\",\"datePublished\":\"2023-11-20T11:39:12+00:00\",\"dateModified\":\"2024-02-16T12:30:17+00:00\",\"mainEntityOfPage\":{\"@id\":\"https:\\\/\\\/cambionet.usts.fr\\\/es\\\/congreso-de-la-sociedad-del-caribe-de-cultivos-alimentarios-cfcs-en-la-isla-de-granada\\\/\"},\"wordCount\":484,\"commentCount\":0,\"publisher\":{\"@id\":\"https:\\\/\\\/cambionet.usts.fr\\\/es\\\/#organization\"},\"image\":{\"@id\":\"https:\\\/\\\/cambionet.usts.fr\\\/es\\\/congreso-de-la-sociedad-del-caribe-de-cultivos-alimentarios-cfcs-en-la-isla-de-granada\\\/#primaryimage\"},\"thumbnailUrl\":\"https:\\\/\\\/cambionet.usts.fr\\\/wp-content\\\/uploads\\\/2023\\\/11\\\/Congres-de-la-Caribbean-Food-Crops-Society_cambionet-3.jpg\",\"articleSection\":[\"Congreso\"],\"inLanguage\":\"es\",\"potentialAction\":[{\"@type\":\"CommentAction\",\"name\":\"Comment\",\"target\":[\"https:\\\/\\\/cambionet.usts.fr\\\/es\\\/congreso-de-la-sociedad-del-caribe-de-cultivos-alimentarios-cfcs-en-la-isla-de-granada\\\/#respond\"]}]},{\"@type\":\"WebPage\",\"@id\":\"https:\\\/\\\/cambionet.usts.fr\\\/es\\\/congreso-de-la-sociedad-del-caribe-de-cultivos-alimentarios-cfcs-en-la-isla-de-granada\\\/\",\"url\":\"https:\\\/\\\/cambionet.usts.fr\\\/es\\\/congreso-de-la-sociedad-del-caribe-de-cultivos-alimentarios-cfcs-en-la-isla-de-granada\\\/\",\"name\":\"CONGRESO DE LA SOCIEDAD DEL CARIBE DE CULTIVOS ALIMENTARIOS \u2018CFCS\u2019 EN LA ISLA DE GRANADA\",\"isPartOf\":{\"@id\":\"https:\\\/\\\/cambionet.usts.fr\\\/es\\\/#website\"},\"primaryImageOfPage\":{\"@id\":\"https:\\\/\\\/cambionet.usts.fr\\\/es\\\/congreso-de-la-sociedad-del-caribe-de-cultivos-alimentarios-cfcs-en-la-isla-de-granada\\\/#primaryimage\"},\"image\":{\"@id\":\"https:\\\/\\\/cambionet.usts.fr\\\/es\\\/congreso-de-la-sociedad-del-caribe-de-cultivos-alimentarios-cfcs-en-la-isla-de-granada\\\/#primaryimage\"},\"thumbnailUrl\":\"https:\\\/\\\/cambionet.usts.fr\\\/wp-content\\\/uploads\\\/2023\\\/11\\\/Congres-de-la-Caribbean-Food-Crops-Society_cambionet-3.jpg\",\"datePublished\":\"2023-11-20T11:39:12+00:00\",\"dateModified\":\"2024-02-16T12:30:17+00:00\",\"description\":\"El 56\u00b0 Congreso Anual de la Sociedad Caribe\u00f1a de Cultivos Alimentarios (CFCS) se celebr\u00f3 en la isla de Granada del 10 al 14 de julio de 2023\",\"breadcrumb\":{\"@id\":\"https:\\\/\\\/cambionet.usts.fr\\\/es\\\/congreso-de-la-sociedad-del-caribe-de-cultivos-alimentarios-cfcs-en-la-isla-de-granada\\\/#breadcrumb\"},\"inLanguage\":\"es\",\"potentialAction\":[{\"@type\":\"ReadAction\",\"target\":[\"https:\\\/\\\/cambionet.usts.fr\\\/es\\\/congreso-de-la-sociedad-del-caribe-de-cultivos-alimentarios-cfcs-en-la-isla-de-granada\\\/\"]}]},{\"@type\":\"ImageObject\",\"inLanguage\":\"es\",\"@id\":\"https:\\\/\\\/cambionet.usts.fr\\\/es\\\/congreso-de-la-sociedad-del-caribe-de-cultivos-alimentarios-cfcs-en-la-isla-de-granada\\\/#primaryimage\",\"url\":\"https:\\\/\\\/cambionet.usts.fr\\\/wp-content\\\/uploads\\\/2023\\\/11\\\/Congres-de-la-Caribbean-Food-Crops-Society_cambionet-3.jpg\",\"contentUrl\":\"https:\\\/\\\/cambionet.usts.fr\\\/wp-content\\\/uploads\\\/2023\\\/11\\\/Congres-de-la-Caribbean-Food-Crops-Society_cambionet-3.jpg\",\"width\":960,\"height\":438,\"caption\":\"Congr\u00e8s de la Caribbean Food Crops Society_cambionet\"},{\"@type\":\"BreadcrumbList\",\"@id\":\"https:\\\/\\\/cambionet.usts.fr\\\/es\\\/congreso-de-la-sociedad-del-caribe-de-cultivos-alimentarios-cfcs-en-la-isla-de-granada\\\/#breadcrumb\",\"itemListElement\":[{\"@type\":\"ListItem\",\"position\":1,\"name\":\"Home\",\"item\":\"https:\\\/\\\/cambionet.usts.fr\\\/es\\\/paginal-principal-cambionet\\\/\"},{\"@type\":\"ListItem\",\"position\":2,\"name\":\"CONGRESO DE LA SOCIEDAD DEL CARIBE DE CULTIVOS ALIMENTARIOS \u2018CFCS\u2019 EN LA ISLA DE GRANADA\"}]},{\"@type\":\"WebSite\",\"@id\":\"https:\\\/\\\/cambionet.usts.fr\\\/es\\\/#website\",\"url\":\"https:\\\/\\\/cambionet.usts.fr\\\/es\\\/\",\"name\":\"Cambionet\",\"description\":\"\",\"publisher\":{\"@id\":\"https:\\\/\\\/cambionet.usts.fr\\\/es\\\/#organization\"},\"potentialAction\":[{\"@type\":\"SearchAction\",\"target\":{\"@type\":\"EntryPoint\",\"urlTemplate\":\"https:\\\/\\\/cambionet.usts.fr\\\/es\\\/?s={search_term_string}\"},\"query-input\":{\"@type\":\"PropertyValueSpecification\",\"valueRequired\":true,\"valueName\":\"search_term_string\"}}],\"inLanguage\":\"es\"},{\"@type\":\"Organization\",\"@id\":\"https:\\\/\\\/cambionet.usts.fr\\\/es\\\/#organization\",\"name\":\"Cambionet\",\"url\":\"https:\\\/\\\/cambionet.usts.fr\\\/es\\\/\",\"logo\":{\"@type\":\"ImageObject\",\"inLanguage\":\"es\",\"@id\":\"https:\\\/\\\/cambionet.usts.fr\\\/es\\\/#\\\/schema\\\/logo\\\/image\\\/\",\"url\":\"https:\\\/\\\/cambionet.usts.fr\\\/wp-content\\\/uploads\\\/2023\\\/10\\\/combi_aligne__fond_blanc_-removebg-preview.png\",\"contentUrl\":\"https:\\\/\\\/cambionet.usts.fr\\\/wp-content\\\/uploads\\\/2023\\\/10\\\/combi_aligne__fond_blanc_-removebg-preview.png\",\"width\":1043,\"height\":210,\"caption\":\"Cambionet\"},\"image\":{\"@id\":\"https:\\\/\\\/cambionet.usts.fr\\\/es\\\/#\\\/schema\\\/logo\\\/image\\\/\"}},{\"@type\":\"Person\",\"@id\":\"https:\\\/\\\/cambionet.usts.fr\\\/es\\\/#\\\/schema\\\/person\\\/b7e1ff310d206699c7ed24fec8fd141b\",\"name\":\"Anais Ramalho\",\"image\":{\"@type\":\"ImageObject\",\"inLanguage\":\"es\",\"@id\":\"https:\\\/\\\/secure.gravatar.com\\\/avatar\\\/527fa4fa112c1fe24d78e83e81e5e7b0defa821eee1494885f5aa55f21af5248?s=96&d=mm&r=g\",\"url\":\"https:\\\/\\\/secure.gravatar.com\\\/avatar\\\/527fa4fa112c1fe24d78e83e81e5e7b0defa821eee1494885f5aa55f21af5248?s=96&d=mm&r=g\",\"contentUrl\":\"https:\\\/\\\/secure.gravatar.com\\\/avatar\\\/527fa4fa112c1fe24d78e83e81e5e7b0defa821eee1494885f5aa55f21af5248?s=96&d=mm&r=g\",\"caption\":\"Anais Ramalho\"},\"url\":\"https:\\\/\\\/cambionet.usts.fr\\\/es\\\/author\\\/anais-r\\\/\"}]}<\/script>\n<!-- \/ Yoast SEO plugin. -->","yoast_head_json":{"title":"CONGRESO DE LA SOCIEDAD DEL CARIBE DE CULTIVOS ALIMENTARIOS \u2018CFCS\u2019 EN LA ISLA DE GRANADA","description":"El 56\u00b0 Congreso Anual de la Sociedad Caribe\u00f1a de Cultivos Alimentarios (CFCS) se celebr\u00f3 en la isla de Granada del 10 al 14 de julio de 2023","robots":{"index":"noindex","follow":"follow","max-snippet":"max-snippet:-1","max-image-preview":"max-image-preview:large","max-video-preview":"max-video-preview:-1"},"og_locale":"es_ES","og_type":"article","og_title":"CONGRESO DE LA SOCIEDAD DEL CARIBE DE CULTIVOS ALIMENTARIOS \u2018CFCS\u2019 EN LA ISLA DE GRANADA","og_description":"El 56\u00b0 Congreso Anual de la Sociedad Caribe\u00f1a de Cultivos Alimentarios (CFCS) se celebr\u00f3 en la isla de Granada del 10 al 14 de julio de 2023","og_url":"https:\/\/cambionet.usts.fr\/es\/congreso-de-la-sociedad-del-caribe-de-cultivos-alimentarios-cfcs-en-la-isla-de-granada\/","og_site_name":"Cambionet","article_published_time":"2023-11-20T11:39:12+00:00","article_modified_time":"2024-02-16T12:30:17+00:00","og_image":[{"width":960,"height":438,"url":"https:\/\/cambionet.usts.fr\/wp-content\/uploads\/2023\/11\/Congres-de-la-Caribbean-Food-Crops-Society_cambionet-3.jpg","type":"image\/jpeg"}],"author":"Anais Ramalho","twitter_card":"summary_large_image","twitter_misc":{"Escrito por":"Anais Ramalho","Tiempo de lectura":"2 minutos"},"schema":{"@context":"https:\/\/schema.org","@graph":[{"@type":"Article","@id":"https:\/\/cambionet.usts.fr\/es\/congreso-de-la-sociedad-del-caribe-de-cultivos-alimentarios-cfcs-en-la-isla-de-granada\/#article","isPartOf":{"@id":"https:\/\/cambionet.usts.fr\/es\/congreso-de-la-sociedad-del-caribe-de-cultivos-alimentarios-cfcs-en-la-isla-de-granada\/"},"author":{"name":"Anais Ramalho","@id":"https:\/\/cambionet.usts.fr\/es\/#\/schema\/person\/b7e1ff310d206699c7ed24fec8fd141b"},"headline":"CONGRESO DE LA SOCIEDAD DEL CARIBE DE CULTIVOS ALIMENTARIOS \u2018CFCS\u2019 EN LA ISLA DE GRANADA","datePublished":"2023-11-20T11:39:12+00:00","dateModified":"2024-02-16T12:30:17+00:00","mainEntityOfPage":{"@id":"https:\/\/cambionet.usts.fr\/es\/congreso-de-la-sociedad-del-caribe-de-cultivos-alimentarios-cfcs-en-la-isla-de-granada\/"},"wordCount":484,"commentCount":0,"publisher":{"@id":"https:\/\/cambionet.usts.fr\/es\/#organization"},"image":{"@id":"https:\/\/cambionet.usts.fr\/es\/congreso-de-la-sociedad-del-caribe-de-cultivos-alimentarios-cfcs-en-la-isla-de-granada\/#primaryimage"},"thumbnailUrl":"https:\/\/cambionet.usts.fr\/wp-content\/uploads\/2023\/11\/Congres-de-la-Caribbean-Food-Crops-Society_cambionet-3.jpg","articleSection":["Congreso"],"inLanguage":"es","potentialAction":[{"@type":"CommentAction","name":"Comment","target":["https:\/\/cambionet.usts.fr\/es\/congreso-de-la-sociedad-del-caribe-de-cultivos-alimentarios-cfcs-en-la-isla-de-granada\/#respond"]}]},{"@type":"WebPage","@id":"https:\/\/cambionet.usts.fr\/es\/congreso-de-la-sociedad-del-caribe-de-cultivos-alimentarios-cfcs-en-la-isla-de-granada\/","url":"https:\/\/cambionet.usts.fr\/es\/congreso-de-la-sociedad-del-caribe-de-cultivos-alimentarios-cfcs-en-la-isla-de-granada\/","name":"CONGRESO DE LA SOCIEDAD DEL CARIBE DE CULTIVOS ALIMENTARIOS \u2018CFCS\u2019 EN LA ISLA DE GRANADA","isPartOf":{"@id":"https:\/\/cambionet.usts.fr\/es\/#website"},"primaryImageOfPage":{"@id":"https:\/\/cambionet.usts.fr\/es\/congreso-de-la-sociedad-del-caribe-de-cultivos-alimentarios-cfcs-en-la-isla-de-granada\/#primaryimage"},"image":{"@id":"https:\/\/cambionet.usts.fr\/es\/congreso-de-la-sociedad-del-caribe-de-cultivos-alimentarios-cfcs-en-la-isla-de-granada\/#primaryimage"},"thumbnailUrl":"https:\/\/cambionet.usts.fr\/wp-content\/uploads\/2023\/11\/Congres-de-la-Caribbean-Food-Crops-Society_cambionet-3.jpg","datePublished":"2023-11-20T11:39:12+00:00","dateModified":"2024-02-16T12:30:17+00:00","description":"El 56\u00b0 Congreso Anual de la Sociedad Caribe\u00f1a de Cultivos Alimentarios (CFCS) se celebr\u00f3 en la isla de Granada del 10 al 14 de julio de 2023","breadcrumb":{"@id":"https:\/\/cambionet.usts.fr\/es\/congreso-de-la-sociedad-del-caribe-de-cultivos-alimentarios-cfcs-en-la-isla-de-granada\/#breadcrumb"},"inLanguage":"es","potentialAction":[{"@type":"ReadAction","target":["https:\/\/cambionet.usts.fr\/es\/congreso-de-la-sociedad-del-caribe-de-cultivos-alimentarios-cfcs-en-la-isla-de-granada\/"]}]},{"@type":"ImageObject","inLanguage":"es","@id":"https:\/\/cambionet.usts.fr\/es\/congreso-de-la-sociedad-del-caribe-de-cultivos-alimentarios-cfcs-en-la-isla-de-granada\/#primaryimage","url":"https:\/\/cambionet.usts.fr\/wp-content\/uploads\/2023\/11\/Congres-de-la-Caribbean-Food-Crops-Society_cambionet-3.jpg","contentUrl":"https:\/\/cambionet.usts.fr\/wp-content\/uploads\/2023\/11\/Congres-de-la-Caribbean-Food-Crops-Society_cambionet-3.jpg","width":960,"height":438,"caption":"Congr\u00e8s de la Caribbean Food Crops Society_cambionet"},{"@type":"BreadcrumbList","@id":"https:\/\/cambionet.usts.fr\/es\/congreso-de-la-sociedad-del-caribe-de-cultivos-alimentarios-cfcs-en-la-isla-de-granada\/#breadcrumb","itemListElement":[{"@type":"ListItem","position":1,"name":"Home","item":"https:\/\/cambionet.usts.fr\/es\/paginal-principal-cambionet\/"},{"@type":"ListItem","position":2,"name":"CONGRESO DE LA SOCIEDAD DEL CARIBE DE CULTIVOS ALIMENTARIOS \u2018CFCS\u2019 EN LA ISLA DE GRANADA"}]},{"@type":"WebSite","@id":"https:\/\/cambionet.usts.fr\/es\/#website","url":"https:\/\/cambionet.usts.fr\/es\/","name":"Cambionet","description":"","publisher":{"@id":"https:\/\/cambionet.usts.fr\/es\/#organization"},"potentialAction":[{"@type":"SearchAction","target":{"@type":"EntryPoint","urlTemplate":"https:\/\/cambionet.usts.fr\/es\/?s={search_term_string}"},"query-input":{"@type":"PropertyValueSpecification","valueRequired":true,"valueName":"search_term_string"}}],"inLanguage":"es"},{"@type":"Organization","@id":"https:\/\/cambionet.usts.fr\/es\/#organization","name":"Cambionet","url":"https:\/\/cambionet.usts.fr\/es\/","logo":{"@type":"ImageObject","inLanguage":"es","@id":"https:\/\/cambionet.usts.fr\/es\/#\/schema\/logo\/image\/","url":"https:\/\/cambionet.usts.fr\/wp-content\/uploads\/2023\/10\/combi_aligne__fond_blanc_-removebg-preview.png","contentUrl":"https:\/\/cambionet.usts.fr\/wp-content\/uploads\/2023\/10\/combi_aligne__fond_blanc_-removebg-preview.png","width":1043,"height":210,"caption":"Cambionet"},"image":{"@id":"https:\/\/cambionet.usts.fr\/es\/#\/schema\/logo\/image\/"}},{"@type":"Person","@id":"https:\/\/cambionet.usts.fr\/es\/#\/schema\/person\/b7e1ff310d206699c7ed24fec8fd141b","name":"Anais Ramalho","image":{"@type":"ImageObject","inLanguage":"es","@id":"https:\/\/secure.gravatar.com\/avatar\/527fa4fa112c1fe24d78e83e81e5e7b0defa821eee1494885f5aa55f21af5248?s=96&d=mm&r=g","url":"https:\/\/secure.gravatar.com\/avatar\/527fa4fa112c1fe24d78e83e81e5e7b0defa821eee1494885f5aa55f21af5248?s=96&d=mm&r=g","contentUrl":"https:\/\/secure.gravatar.com\/avatar\/527fa4fa112c1fe24d78e83e81e5e7b0defa821eee1494885f5aa55f21af5248?s=96&d=mm&r=g","caption":"Anais Ramalho"},"url":"https:\/\/cambionet.usts.fr\/es\/author\/anais-r\/"}]}},"rttpg_featured_image_url":{"full":["https:\/\/cambionet.usts.fr\/wp-content\/uploads\/2023\/11\/Congres-de-la-Caribbean-Food-Crops-Society_cambionet-3.jpg",960,438,false],"landscape":["https:\/\/cambionet.usts.fr\/wp-content\/uploads\/2023\/11\/Congres-de-la-Caribbean-Food-Crops-Society_cambionet-3.jpg",960,438,false],"portraits":["https:\/\/cambionet.usts.fr\/wp-content\/uploads\/2023\/11\/Congres-de-la-Caribbean-Food-Crops-Society_cambionet-3.jpg",960,438,false],"thumbnail":["https:\/\/cambionet.usts.fr\/wp-content\/uploads\/2023\/11\/Congres-de-la-Caribbean-Food-Crops-Society_cambionet-3-150x150.jpg",150,150,true],"medium":["https:\/\/cambionet.usts.fr\/wp-content\/uploads\/2023\/11\/Congres-de-la-Caribbean-Food-Crops-Society_cambionet-3-300x137.jpg",300,137,true],"large":["https:\/\/cambionet.usts.fr\/wp-content\/uploads\/2023\/11\/Congres-de-la-Caribbean-Food-Crops-Society_cambionet-3.jpg",800,365,false],"1536x1536":["https:\/\/cambionet.usts.fr\/wp-content\/uploads\/2023\/11\/Congres-de-la-Caribbean-Food-Crops-Society_cambionet-3.jpg",960,438,false],"2048x2048":["https:\/\/cambionet.usts.fr\/wp-content\/uploads\/2023\/11\/Congres-de-la-Caribbean-Food-Crops-Society_cambionet-3.jpg",960,438,false],"gform-image-choice-sm":["https:\/\/cambionet.usts.fr\/wp-content\/uploads\/2023\/11\/Congres-de-la-Caribbean-Food-Crops-Society_cambionet-3.jpg",300,137,false],"gform-image-choice-md":["https:\/\/cambionet.usts.fr\/wp-content\/uploads\/2023\/11\/Congres-de-la-Caribbean-Food-Crops-Society_cambionet-3.jpg",400,183,false],"gform-image-choice-lg":["https:\/\/cambionet.usts.fr\/wp-content\/uploads\/2023\/11\/Congres-de-la-Caribbean-Food-Crops-Society_cambionet-3.jpg",600,274,false]},"rttpg_author":{"display_name":"Anais Ramalho","author_link":"https:\/\/cambionet.usts.fr\/es\/author\/anais-r\/"},"rttpg_comment":0,"rttpg_category":"<a href=\"https:\/\/cambionet.usts.fr\/es\/category\/congreso\/\" rel=\"category tag\">Congreso<\/a>","rttpg_excerpt":"CONGRESO DE LA SOCIEDAD DEL CARIBE DE CULTIVOS ALIMENTARIOS \u2018CFCS\u2019 EN LA ISLA DE GRANADA 14-20 de julio de 2023 La 56.\u00aa Conferencia Anual de la Sociedad Caribe\u00f1a de Cultivos Alimentarios (CFCS) se celebr\u00f3 en la isla de Granada del 10 al 14 de julio de 2023, en el Grenada Trade Center, Grand Anse, Granada,&hellip;","_links":{"self":[{"href":"https:\/\/cambionet.usts.fr\/es\/wp-json\/wp\/v2\/posts\/4614","targetHints":{"allow":["GET"]}}],"collection":[{"href":"https:\/\/cambionet.usts.fr\/es\/wp-json\/wp\/v2\/posts"}],"about":[{"href":"https:\/\/cambionet.usts.fr\/es\/wp-json\/wp\/v2\/types\/post"}],"author":[{"embeddable":true,"href":"https:\/\/cambionet.usts.fr\/es\/wp-json\/wp\/v2\/users\/6"}],"replies":[{"embeddable":true,"href":"https:\/\/cambionet.usts.fr\/es\/wp-json\/wp\/v2\/comments?post=4614"}],"version-history":[{"count":1,"href":"https:\/\/cambionet.usts.fr\/es\/wp-json\/wp\/v2\/posts\/4614\/revisions"}],"predecessor-version":[{"id":4615,"href":"https:\/\/cambionet.usts.fr\/es\/wp-json\/wp\/v2\/posts\/4614\/revisions\/4615"}],"wp:featuredmedia":[{"embeddable":true,"href":"https:\/\/cambionet.usts.fr\/es\/wp-json\/wp\/v2\/media\/625"}],"wp:attachment":[{"href":"https:\/\/cambionet.usts.fr\/es\/wp-json\/wp\/v2\/media?parent=4614"}],"wp:term":[{"taxonomy":"category","embeddable":true,"href":"https:\/\/cambionet.usts.fr\/es\/wp-json\/wp\/v2\/categories?post=4614"},{"taxonomy":"post_tag","embeddable":true,"href":"https:\/\/cambionet.usts.fr\/es\/wp-json\/wp\/v2\/tags?post=4614"}],"curies":[{"name":"wp","href":"https:\/\/api.w.org\/{rel}","templated":true}]}}