{"id":4616,"date":"2023-11-16T19:12:10","date_gmt":"2023-11-16T19:12:10","guid":{"rendered":"https:\/\/cambionet.usts.fr\/participacion-de-cambionet-en-el-congreso-de-la-alianza-filantropica-del-caribe\/"},"modified":"2024-02-16T12:33:48","modified_gmt":"2024-02-16T12:33:48","slug":"participacion-de-cambionet-en-el-congreso-de-la-alianza-filantropica-del-caribe","status":"publish","type":"post","link":"https:\/\/cambionet.usts.fr\/es\/participacion-de-cambionet-en-el-congreso-de-la-alianza-filantropica-del-caribe\/","title":{"rendered":"Participaci\u00f3n de CambioNet en el Congreso de la Alianza Filantr\u00f3pica del Caribe"},"content":{"rendered":"\t\t<div data-elementor-type=\"wp-post\" data-elementor-id=\"4616\" class=\"elementor elementor-4616 elementor-658\" data-elementor-post-type=\"post\">\n\t\t\t\t<div class=\"elementor-element elementor-element-ab1e020 e-flex e-con-boxed e-con e-parent\" data-id=\"ab1e020\" data-element_type=\"container\" data-e-type=\"container\">\n\t\t\t\t\t<div class=\"e-con-inner\">\n\t\t\t\t<div class=\"elementor-element elementor-element-23c454d elementor-widget elementor-widget-text-editor\" data-id=\"23c454d\" data-element_type=\"widget\" data-e-type=\"widget\" data-widget_type=\"text-editor.default\">\n\t\t\t\t<div class=\"elementor-widget-container\">\n\t\t\t\t\t\t\t\t\t<h2 style=\"text-align: center;\"><strong>Participaci\u00f3n de CambioNet<\/strong> en <strong>el Congreso de la Alianza Filantr\u00f3pica del Caribe<\/strong><\/h2>\n<p style=\"text-align: center;\"><strong>16 al 22 de octubre de 2023<\/strong><\/p>\n\t\t\t\t\t\t\t\t<\/div>\n\t\t\t\t<\/div>\n\t\t\t\t<div class=\"elementor-element elementor-element-5583a6f elementor-widget elementor-widget-image\" data-id=\"5583a6f\" data-element_type=\"widget\" data-e-type=\"widget\" data-widget_type=\"image.default\">\n\t\t\t\t<div class=\"elementor-widget-container\">\n\t\t\t\t\t\t\t\t\t\t\t\t\t\t\t\t<a href=\"https:\/\/sites.google.com\/view\/cpa-philanthropyactionweek2023\/home?authuser=0\">\n\t\t\t\t\t\t\t<img fetchpriority=\"high\" decoding=\"async\" width=\"800\" height=\"441\" src=\"https:\/\/cambionet.usts.fr\/wp-content\/uploads\/2023\/11\/Participation-en-distanciel-de-Harry-Ozier-Lafontaine-au-Congres-de-la-Caribbean-Philanthropic-Alliance-3.png\" class=\"attachment-large size-large wp-image-661\" alt=\"participation congr\u00e8s caribbean philanthropic alliance cambionet\" srcset=\"https:\/\/cambionet.usts.fr\/wp-content\/uploads\/2023\/11\/Participation-en-distanciel-de-Harry-Ozier-Lafontaine-au-Congres-de-la-Caribbean-Philanthropic-Alliance-3.png 980w, https:\/\/cambionet.usts.fr\/wp-content\/uploads\/2023\/11\/Participation-en-distanciel-de-Harry-Ozier-Lafontaine-au-Congres-de-la-Caribbean-Philanthropic-Alliance-3-300x165.png 300w, https:\/\/cambionet.usts.fr\/wp-content\/uploads\/2023\/11\/Participation-en-distanciel-de-Harry-Ozier-Lafontaine-au-Congres-de-la-Caribbean-Philanthropic-Alliance-3-768x423.png 768w\" sizes=\"(max-width: 800px) 100vw, 800px\" \/>\t\t\t\t\t\t\t\t<\/a>\n\t\t\t\t\t\t\t\t\t\t\t\t\t\t\t<\/div>\n\t\t\t\t<\/div>\n\t\t\t\t\t<\/div>\n\t\t\t\t<\/div>\n\t\t<div class=\"elementor-element elementor-element-bbf48dc e-flex e-con-boxed e-con e-parent\" data-id=\"bbf48dc\" data-element_type=\"container\" data-e-type=\"container\">\n\t\t\t\t\t<div class=\"e-con-inner\">\n\t\t<div class=\"elementor-element elementor-element-00033fb e-con-full e-flex e-con e-child\" data-id=\"00033fb\" data-element_type=\"container\" data-e-type=\"container\">\n\t\t\t\t<div class=\"elementor-element elementor-element-447b105 elementor-widget__width-initial elementor-widget elementor-widget-image\" data-id=\"447b105\" data-element_type=\"widget\" data-e-type=\"widget\" data-widget_type=\"image.default\">\n\t\t\t\t<div class=\"elementor-widget-container\">\n\t\t\t\t\t\t\t\t\t\t\t\t\t\t\t<img decoding=\"async\" width=\"800\" height=\"1019\" src=\"https:\/\/cambionet.usts.fr\/wp-content\/uploads\/2023\/11\/SM_Day2_Afternoon-804x1024.png\" class=\"attachment-large size-large wp-image-676\" alt=\"congr\u00e8s caribbean\" srcset=\"https:\/\/cambionet.usts.fr\/wp-content\/uploads\/2023\/11\/SM_Day2_Afternoon-804x1024.png 804w, https:\/\/cambionet.usts.fr\/wp-content\/uploads\/2023\/11\/SM_Day2_Afternoon-235x300.png 235w, https:\/\/cambionet.usts.fr\/wp-content\/uploads\/2023\/11\/SM_Day2_Afternoon-768x979.png 768w, https:\/\/cambionet.usts.fr\/wp-content\/uploads\/2023\/11\/SM_Day2_Afternoon-1205x1536.png 1205w, https:\/\/cambionet.usts.fr\/wp-content\/uploads\/2023\/11\/SM_Day2_Afternoon.png 1280w\" sizes=\"(max-width: 800px) 100vw, 800px\" \/>\t\t\t\t\t\t\t\t\t\t\t\t\t\t\t<\/div>\n\t\t\t\t<\/div>\n\t\t\t\t<\/div>\n\t\t<div class=\"elementor-element elementor-element-59027d4 e-con-full e-flex e-con e-child\" data-id=\"59027d4\" data-element_type=\"container\" data-e-type=\"container\">\n\t\t\t\t<div class=\"elementor-element elementor-element-7400102 elementor-widget__width-initial elementor-widget elementor-widget-text-editor\" data-id=\"7400102\" data-element_type=\"widget\" data-e-type=\"widget\" data-widget_type=\"text-editor.default\">\n\t\t\t\t<div class=\"elementor-widget-container\">\n\t\t\t\t\t\t\t\t\t<section id=\"h.58f30835191024ec_167\" class=\"yaqOZd\">\n<div class=\"mYVXT\">\n<div class=\"LS81yb VICjCf j5pSsc db35Fc\" tabindex=\"-1\">\n<div class=\"hJDwNd-AhqUyc-uQSCkd Ft7HRd-AhqUyc-uQSCkd purZT-AhqUyc-II5mzb ZcASvf-AhqUyc-II5mzb pSzOP-AhqUyc-qWD73c Ktthjf-AhqUyc-qWD73c JNdkSc SQVYQc\">\n<div class=\"JNdkSc-SmKAyb LkDMRd\">\n<div class=\"\">\n<div class=\"oKdM2c ZZyype Kzv0Me\">\n<div id=\"h.58f30835191024ec_170\" class=\"hJDwNd-AhqUyc-uQSCkd Ft7HRd-AhqUyc-uQSCkd jXK9ad D2fZ2 zu5uec OjCsFc dmUFtb wHaque g5GTcb\">\n<div class=\"jXK9ad-SmKAyb\">\n<div class=\"tyJCtd mGzaTb Depvyb baZpAe\">\n<p dir=\"ltr\">\u200bSomos una organizaci\u00f3n caribe\u00f1a sin fines de lucro que conecta a colaboradores y fil\u00e1ntropos para impulsar el desarrollo sostenible. Estamos anclados en la vida real de las poblaciones caribe\u00f1as y apoyamos a organizaciones comprometidas con mejorar la calidad de vida y la situaci\u00f3n de las poblaciones de toda la regi\u00f3n. La Alianza Filantr\u00f3pica del Caribe forja asociaciones estrat\u00e9gicas destinadas a superar los desaf\u00edos del desarrollo regional. Nuestra misi\u00f3n trasciende la simple mejora: aspira a crear un entorno propicio para el desarrollo sostenible, meticulosamente alineado con los Objetivos de Desarrollo Sostenible (ODS). Centr\u00e1ndonos en aprovechar los activos \u00fanicos de la regi\u00f3n, lo invitamos a ser parte de una agenda transformadora que aspira a dar forma a un futuro pr\u00f3spero y sostenible para la regi\u00f3n.<\/p>\n<p class=\"zfr3Q CDt4Ke \" dir=\"ltr\"><span class=\"gBYvFf C9DxTc \">Oradores en el Congreso de la Alianza Filantr\u00f3pica del Caribe:<\/span><\/p>\n<\/div>\n<\/div>\n<\/div>\n<\/div>\n<\/div>\n<\/div>\n<\/div>\n<\/div>\n<\/div>\n<\/section>\n<section id=\"h.58f30835191024ec_171\" class=\"yaqOZd\">\n<div class=\"mYVXT\">\n<div class=\"LS81yb VICjCf j5pSsc db35Fc\" tabindex=\"-1\">\n<div class=\"hJDwNd-AhqUyc-OwsYgb Ft7HRd-AhqUyc-OwsYgb purZT-AhqUyc-II5mzb ZcASvf-AhqUyc-II5mzb pSzOP-AhqUyc-qWD73c Ktthjf-AhqUyc-qWD73c JNdkSc SQVYQc\">\n<div class=\"JNdkSc-SmKAyb LkDMRd\">\n<div class=\"\">\n<div class=\"oKdM2c ZZyype Kzv0Me\">\n<div id=\"h.58f30835191024ec_177\" class=\"hJDwNd-AhqUyc-OwsYgb Ft7HRd-AhqUyc-OwsYgb jXK9ad D2fZ2 zu5uec OjCsFc dmUFtb wHaque g5GTcb\">\n<div class=\"jXK9ad-SmKAyb\">\n<div class=\"tyJCtd mGzaTb Depvyb baZpAe\">\n<ul class=\"n8H08c UVNKR \">\n<li class=\"zfr3Q TYR86d eD0Rn \" dir=\"ltr\">\n<p class=\"zfr3Q CDt4Ke \" dir=\"ltr\" role=\"presentation\"><span class=\"C9DxTc \">Dr. Ainka Granderson, <\/span><span class=\"C9DxTc \">Oficial T\u00e9cnico Superior, CANARI. L\u00edder de proyecto para la iniciativa regional \u201cMejorar el acceso y la preparaci\u00f3n de la sociedad civil caribe\u00f1a para el financiamiento clim\u00e1tico\u201d.<\/span><span class=\"C9DxTc \"> <\/span><\/p>\n<\/li>\n<li class=\"zfr3Q TYR86d eD0Rn \" dir=\"ltr\">\n<p class=\"zfr3Q CDt4Ke \" dir=\"ltr\" role=\"presentation\"><span class=\"C9DxTc \">Leisa Perch, <\/span><span class=\"C9DxTc \">Director General, SAEDI Consulting Barbados Inc, Consultor Internacional de G\u00e9nero y Medio Ambiente<\/span><\/p>\n<\/li>\n<li class=\"zfr3Q TYR86d eD0Rn \" dir=\"ltr\">\n<p class=\"zfr3Q CDt4Ke \" dir=\"ltr\" role=\"presentation\"><span class=\"C9DxTc \">Dr. <a href=\"https:\/\/cambionet.usts.fr\/qui-sommes-nous\/partenaires-institutions\/\">Harry Ozier LaFontaine<\/a>,<\/span><span class=\"C9DxTc \">Director de Investigaci\u00f3n &#8211; Presidente Ejecutivo de las Antillas Francesas y Guayana Centro INRA y Representante de CambioNet: CambioNet: Un nuevo enfoque para la agricultura en la regi\u00f3n del Caribe\/Amazon\u00eda<\/span><\/p>\n<\/li>\n<\/ul>\n<p class=\"zfr3Q CDt4Ke \" dir=\"ltr\"><span class=\"gBYvFf C9DxTc \">Moderadores:<\/span><\/p>\n<ul class=\"n8H08c UVNKR \">\n<li class=\"zfr3Q TYR86d eD0Rn \" dir=\"ltr\">\n<p class=\"zfr3Q CDt4Ke \" dir=\"ltr\" role=\"presentation\"><span class=\"C9DxTc \">Dr. Michele D. Singh, <\/span><span class=\"C9DxTc \">Director del Centro de Investigaci\u00f3n e Innovaci\u00f3n Agr\u00edcola (CAGRI), Miembro de la Junta Directiva, Alianza Filantr\u00f3pica del Caribe<\/span><\/p>\n<\/li>\n<li class=\"zfr3Q TYR86d eD0Rn \" dir=\"ltr\">\n<p class=\"zfr3Q CDt4Ke \" dir=\"ltr\" role=\"presentation\"><span class=\"C9DxTc \">Dr. UnaMay Gordon, <\/span><span class=\"C9DxTc \">Consultor Senior en Cambio Clim\u00e1tico y Experto en Desarrollo<\/span><\/p>\n<\/li>\n<\/ul>\n<\/div>\n<\/div>\n<\/div>\n<\/div>\n<\/div>\n<\/div>\n<\/div>\n<\/div>\n<\/div>\n<\/section>\n\t\t\t\t\t\t\t\t<\/div>\n\t\t\t\t<\/div>\n\t\t\t\t<\/div>\n\t\t\t\t\t<\/div>\n\t\t\t\t<\/div>\n\t\t<div class=\"elementor-element elementor-element-3ce2c7a e-flex e-con-boxed e-con e-parent\" data-id=\"3ce2c7a\" data-element_type=\"container\" data-e-type=\"container\">\n\t\t\t\t\t<div class=\"e-con-inner\">\n\t\t\t\t<div class=\"elementor-element elementor-element-517242c elementor-share-buttons--view-icon-text elementor-share-buttons--skin-gradient elementor-share-buttons--shape-square elementor-grid-0 elementor-share-buttons--color-official elementor-widget elementor-widget-share-buttons\" data-id=\"517242c\" data-element_type=\"widget\" data-e-type=\"widget\" data-widget_type=\"share-buttons.default\">\n\t\t\t\t<div class=\"elementor-widget-container\">\n\t\t\t\t\t\t\t<div class=\"elementor-grid\" role=\"list\">\n\t\t\t\t\t\t\t\t<div class=\"elementor-grid-item\" role=\"listitem\">\n\t\t\t\t\t\t<div class=\"elementor-share-btn elementor-share-btn_facebook\" role=\"button\" tabindex=\"0\" aria-label=\"Compartir en facebook\">\n\t\t\t\t\t\t\t\t\t\t\t\t\t\t\t<span class=\"elementor-share-btn__icon\">\n\t\t\t\t\t\t\t\t<svg aria-hidden=\"true\" class=\"e-font-icon-svg e-fab-facebook\" viewBox=\"0 0 512 512\" xmlns=\"http:\/\/www.w3.org\/2000\/svg\"><path d=\"M504 256C504 119 393 8 256 8S8 119 8 256c0 123.78 90.69 226.38 209.25 245V327.69h-63V256h63v-54.64c0-62.15 37-96.48 93.67-96.48 27.14 0 55.52 4.84 55.52 4.84v61h-31.28c-30.8 0-40.41 19.12-40.41 38.73V256h68.78l-11 71.69h-57.78V501C413.31 482.38 504 379.78 504 256z\"><\/path><\/svg>\t\t\t\t\t\t\t<\/span>\n\t\t\t\t\t\t\t\t\t\t\t\t\t\t\t\t\t\t\t\t\t\t<div class=\"elementor-share-btn__text\">\n\t\t\t\t\t\t\t\t\t\t\t\t\t\t\t\t\t\t\t<span class=\"elementor-share-btn__title\">\n\t\t\t\t\t\t\t\t\t\tFacebook\t\t\t\t\t\t\t\t\t<\/span>\n\t\t\t\t\t\t\t\t\t\t\t\t\t\t\t\t\t<\/div>\n\t\t\t\t\t\t\t\t\t\t\t\t\t<\/div>\n\t\t\t\t\t<\/div>\n\t\t\t\t\t\t\t\t\t<div class=\"elementor-grid-item\" role=\"listitem\">\n\t\t\t\t\t\t<div class=\"elementor-share-btn elementor-share-btn_twitter\" role=\"button\" tabindex=\"0\" aria-label=\"Compartir en twitter\">\n\t\t\t\t\t\t\t\t\t\t\t\t\t\t\t<span class=\"elementor-share-btn__icon\">\n\t\t\t\t\t\t\t\t<svg aria-hidden=\"true\" class=\"e-font-icon-svg e-fab-twitter\" viewBox=\"0 0 512 512\" xmlns=\"http:\/\/www.w3.org\/2000\/svg\"><path d=\"M459.37 151.716c.325 4.548.325 9.097.325 13.645 0 138.72-105.583 298.558-298.558 298.558-59.452 0-114.68-17.219-161.137-47.106 8.447.974 16.568 1.299 25.34 1.299 49.055 0 94.213-16.568 130.274-44.832-46.132-.975-84.792-31.188-98.112-72.772 6.498.974 12.995 1.624 19.818 1.624 9.421 0 18.843-1.3 27.614-3.573-48.081-9.747-84.143-51.98-84.143-102.985v-1.299c13.969 7.797 30.214 12.67 47.431 13.319-28.264-18.843-46.781-51.005-46.781-87.391 0-19.492 5.197-37.36 14.294-52.954 51.655 63.675 129.3 105.258 216.365 109.807-1.624-7.797-2.599-15.918-2.599-24.04 0-57.828 46.782-104.934 104.934-104.934 30.213 0 57.502 12.67 76.67 33.137 23.715-4.548 46.456-13.32 66.599-25.34-7.798 24.366-24.366 44.833-46.132 57.827 21.117-2.273 41.584-8.122 60.426-16.243-14.292 20.791-32.161 39.308-52.628 54.253z\"><\/path><\/svg>\t\t\t\t\t\t\t<\/span>\n\t\t\t\t\t\t\t\t\t\t\t\t\t\t\t\t\t\t\t\t\t\t<div class=\"elementor-share-btn__text\">\n\t\t\t\t\t\t\t\t\t\t\t\t\t\t\t\t\t\t\t<span class=\"elementor-share-btn__title\">\n\t\t\t\t\t\t\t\t\t\tTwitter\t\t\t\t\t\t\t\t\t<\/span>\n\t\t\t\t\t\t\t\t\t\t\t\t\t\t\t\t\t<\/div>\n\t\t\t\t\t\t\t\t\t\t\t\t\t<\/div>\n\t\t\t\t\t<\/div>\n\t\t\t\t\t\t\t\t\t<div class=\"elementor-grid-item\" role=\"listitem\">\n\t\t\t\t\t\t<div class=\"elementor-share-btn elementor-share-btn_linkedin\" role=\"button\" tabindex=\"0\" aria-label=\"Compartir en linkedin\">\n\t\t\t\t\t\t\t\t\t\t\t\t\t\t\t<span class=\"elementor-share-btn__icon\">\n\t\t\t\t\t\t\t\t<svg aria-hidden=\"true\" class=\"e-font-icon-svg e-fab-linkedin\" viewBox=\"0 0 448 512\" xmlns=\"http:\/\/www.w3.org\/2000\/svg\"><path d=\"M416 32H31.9C14.3 32 0 46.5 0 64.3v383.4C0 465.5 14.3 480 31.9 480H416c17.6 0 32-14.5 32-32.3V64.3c0-17.8-14.4-32.3-32-32.3zM135.4 416H69V202.2h66.5V416zm-33.2-243c-21.3 0-38.5-17.3-38.5-38.5S80.9 96 102.2 96c21.2 0 38.5 17.3 38.5 38.5 0 21.3-17.2 38.5-38.5 38.5zm282.1 243h-66.4V312c0-24.8-.5-56.7-34.5-56.7-34.6 0-39.9 27-39.9 54.9V416h-66.4V202.2h63.7v29.2h.9c8.9-16.8 30.6-34.5 62.9-34.5 67.2 0 79.7 44.3 79.7 101.9V416z\"><\/path><\/svg>\t\t\t\t\t\t\t<\/span>\n\t\t\t\t\t\t\t\t\t\t\t\t\t\t\t\t\t\t\t\t\t\t<div class=\"elementor-share-btn__text\">\n\t\t\t\t\t\t\t\t\t\t\t\t\t\t\t\t\t\t\t<span class=\"elementor-share-btn__title\">\n\t\t\t\t\t\t\t\t\t\tLinkedIn\t\t\t\t\t\t\t\t\t<\/span>\n\t\t\t\t\t\t\t\t\t\t\t\t\t\t\t\t\t<\/div>\n\t\t\t\t\t\t\t\t\t\t\t\t\t<\/div>\n\t\t\t\t\t<\/div>\n\t\t\t\t\t\t\t\t\t<div class=\"elementor-grid-item\" role=\"listitem\">\n\t\t\t\t\t\t<div class=\"elementor-share-btn elementor-share-btn_whatsapp\" role=\"button\" tabindex=\"0\" aria-label=\"Compartir en whatsapp\">\n\t\t\t\t\t\t\t\t\t\t\t\t\t\t\t<span class=\"elementor-share-btn__icon\">\n\t\t\t\t\t\t\t\t<svg aria-hidden=\"true\" class=\"e-font-icon-svg e-fab-whatsapp\" viewBox=\"0 0 448 512\" xmlns=\"http:\/\/www.w3.org\/2000\/svg\"><path d=\"M380.9 97.1C339 55.1 283.2 32 223.9 32c-122.4 0-222 99.6-222 222 0 39.1 10.2 77.3 29.6 111L0 480l117.7-30.9c32.4 17.7 68.9 27 106.1 27h.1c122.3 0 224.1-99.6 224.1-222 0-59.3-25.2-115-67.1-157zm-157 341.6c-33.2 0-65.7-8.9-94-25.7l-6.7-4-69.8 18.3L72 359.2l-4.4-7c-18.5-29.4-28.2-63.3-28.2-98.2 0-101.7 82.8-184.5 184.6-184.5 49.3 0 95.6 19.2 130.4 54.1 34.8 34.9 56.2 81.2 56.1 130.5 0 101.8-84.9 184.6-186.6 184.6zm101.2-138.2c-5.5-2.8-32.8-16.2-37.9-18-5.1-1.9-8.8-2.8-12.5 2.8-3.7 5.6-14.3 18-17.6 21.8-3.2 3.7-6.5 4.2-12 1.4-32.6-16.3-54-29.1-75.5-66-5.7-9.8 5.7-9.1 16.3-30.3 1.8-3.7.9-6.9-.5-9.7-1.4-2.8-12.5-30.1-17.1-41.2-4.5-10.8-9.1-9.3-12.5-9.5-3.2-.2-6.9-.2-10.6-.2-3.7 0-9.7 1.4-14.8 6.9-5.1 5.6-19.4 19-19.4 46.3 0 27.3 19.9 53.7 22.6 57.4 2.8 3.7 39.1 59.7 94.8 83.8 35.2 15.2 49 16.5 66.6 13.9 10.7-1.6 32.8-13.4 37.4-26.4 4.6-13 4.6-24.1 3.2-26.4-1.3-2.5-5-3.9-10.5-6.6z\"><\/path><\/svg>\t\t\t\t\t\t\t<\/span>\n\t\t\t\t\t\t\t\t\t\t\t\t\t\t\t\t\t\t\t\t\t\t<div class=\"elementor-share-btn__text\">\n\t\t\t\t\t\t\t\t\t\t\t\t\t\t\t\t\t\t\t<span class=\"elementor-share-btn__title\">\n\t\t\t\t\t\t\t\t\t\tWhatsApp\t\t\t\t\t\t\t\t\t<\/span>\n\t\t\t\t\t\t\t\t\t\t\t\t\t\t\t\t\t<\/div>\n\t\t\t\t\t\t\t\t\t\t\t\t\t<\/div>\n\t\t\t\t\t<\/div>\n\t\t\t\t\t\t\t\t\t<div class=\"elementor-grid-item\" role=\"listitem\">\n\t\t\t\t\t\t<div class=\"elementor-share-btn elementor-share-btn_email\" role=\"button\" tabindex=\"0\" aria-label=\"Compartir en email\">\n\t\t\t\t\t\t\t\t\t\t\t\t\t\t\t<span class=\"elementor-share-btn__icon\">\n\t\t\t\t\t\t\t\t<svg aria-hidden=\"true\" class=\"e-font-icon-svg e-fas-envelope\" viewBox=\"0 0 512 512\" xmlns=\"http:\/\/www.w3.org\/2000\/svg\"><path d=\"M502.3 190.8c3.9-3.1 9.7-.2 9.7 4.7V400c0 26.5-21.5 48-48 48H48c-26.5 0-48-21.5-48-48V195.6c0-5 5.7-7.8 9.7-4.7 22.4 17.4 52.1 39.5 154.1 113.6 21.1 15.4 56.7 47.8 92.2 47.6 35.7.3 72-32.8 92.3-47.6 102-74.1 131.6-96.3 154-113.7zM256 320c23.2.4 56.6-29.2 73.4-41.4 132.7-96.3 142.8-104.7 173.4-128.7 5.8-4.5 9.2-11.5 9.2-18.9v-19c0-26.5-21.5-48-48-48H48C21.5 64 0 85.5 0 112v19c0 7.4 3.4 14.3 9.2 18.9 30.6 23.9 40.7 32.4 173.4 128.7 16.8 12.2 50.2 41.8 73.4 41.4z\"><\/path><\/svg>\t\t\t\t\t\t\t<\/span>\n\t\t\t\t\t\t\t\t\t\t\t\t\t\t\t\t\t\t\t\t\t\t<div class=\"elementor-share-btn__text\">\n\t\t\t\t\t\t\t\t\t\t\t\t\t\t\t\t\t\t\t<span class=\"elementor-share-btn__title\">\n\t\t\t\t\t\t\t\t\t\tEmail\t\t\t\t\t\t\t\t\t<\/span>\n\t\t\t\t\t\t\t\t\t\t\t\t\t\t\t\t\t<\/div>\n\t\t\t\t\t\t\t\t\t\t\t\t\t<\/div>\n\t\t\t\t\t<\/div>\n\t\t\t\t\t\t\t\t\t<div class=\"elementor-grid-item\" role=\"listitem\">\n\t\t\t\t\t\t<div class=\"elementor-share-btn elementor-share-btn_print\" role=\"button\" tabindex=\"0\" aria-label=\"Compartir en print\">\n\t\t\t\t\t\t\t\t\t\t\t\t\t\t\t<span class=\"elementor-share-btn__icon\">\n\t\t\t\t\t\t\t\t<svg aria-hidden=\"true\" class=\"e-font-icon-svg e-fas-print\" viewBox=\"0 0 512 512\" xmlns=\"http:\/\/www.w3.org\/2000\/svg\"><path d=\"M448 192V77.25c0-8.49-3.37-16.62-9.37-22.63L393.37 9.37c-6-6-14.14-9.37-22.63-9.37H96C78.33 0 64 14.33 64 32v160c-35.35 0-64 28.65-64 64v112c0 8.84 7.16 16 16 16h48v96c0 17.67 14.33 32 32 32h320c17.67 0 32-14.33 32-32v-96h48c8.84 0 16-7.16 16-16V256c0-35.35-28.65-64-64-64zm-64 256H128v-96h256v96zm0-224H128V64h192v48c0 8.84 7.16 16 16 16h48v96zm48 72c-13.25 0-24-10.75-24-24 0-13.26 10.75-24 24-24s24 10.74 24 24c0 13.25-10.75 24-24 24z\"><\/path><\/svg>\t\t\t\t\t\t\t<\/span>\n\t\t\t\t\t\t\t\t\t\t\t\t\t\t\t\t\t\t\t\t\t\t<div class=\"elementor-share-btn__text\">\n\t\t\t\t\t\t\t\t\t\t\t\t\t\t\t\t\t\t\t<span class=\"elementor-share-btn__title\">\n\t\t\t\t\t\t\t\t\t\tPrint\t\t\t\t\t\t\t\t\t<\/span>\n\t\t\t\t\t\t\t\t\t\t\t\t\t\t\t\t\t<\/div>\n\t\t\t\t\t\t\t\t\t\t\t\t\t<\/div>\n\t\t\t\t\t<\/div>\n\t\t\t\t\t\t<\/div>\n\t\t\t\t\t\t<\/div>\n\t\t\t\t<\/div>\n\t\t\t\t\t<\/div>\n\t\t\t\t<\/div>\n\t\t\t\t<\/div>\n\t\t","protected":false},"excerpt":{"rendered":"<p>Participaci\u00f3n de CambioNet en el Congreso de la Alianza Filantr\u00f3pica del Caribe 16 al 22 de octubre de 2023 \u200bSomos una organizaci\u00f3n caribe\u00f1a sin fines de lucro que conecta a colaboradores y fil\u00e1ntropos para impulsar el desarrollo sostenible. Estamos anclados en la vida real de las poblaciones caribe\u00f1as y apoyamos a organizaciones comprometidas con mejorar [&hellip;]<\/p>\n","protected":false},"author":6,"featured_media":665,"comment_status":"open","ping_status":"closed","sticky":false,"template":"","format":"standard","meta":{"footnotes":""},"categories":[21],"tags":[],"class_list":["post-4616","post","type-post","status-publish","format-standard","has-post-thumbnail","hentry","category-sin-categorizar"],"yoast_head":"<!-- This site is optimized with the Yoast SEO plugin v27.5 - https:\/\/yoast.com\/product\/yoast-seo-wordpress\/ -->\n<title>Participaci\u00f3n de CambioNet en el Congreso del Caribe...<\/title>\n<meta name=\"description\" content=\"Participaci\u00f3n (remota) de CambioNet en el Congreso de la Alianza Filantr\u00f3pica del Caribe del 16 al 22 de octubre de 2023\" \/>\n<meta name=\"robots\" content=\"noindex, follow, max-snippet:-1, max-image-preview:large, max-video-preview:-1\" \/>\n<meta property=\"og:locale\" content=\"es_ES\" \/>\n<meta property=\"og:type\" content=\"article\" \/>\n<meta property=\"og:title\" content=\"Participaci\u00f3n de CambioNet en el Congreso del Caribe...\" \/>\n<meta property=\"og:description\" content=\"Participaci\u00f3n (remota) de CambioNet en el Congreso de la Alianza Filantr\u00f3pica del Caribe del 16 al 22 de octubre de 2023\" \/>\n<meta property=\"og:url\" content=\"https:\/\/cambionet.usts.fr\/es\/participacion-de-cambionet-en-el-congreso-de-la-alianza-filantropica-del-caribe\/\" \/>\n<meta property=\"og:site_name\" content=\"Cambionet\" \/>\n<meta property=\"article:published_time\" content=\"2023-11-16T19:12:10+00:00\" \/>\n<meta property=\"article:modified_time\" content=\"2024-02-16T12:33:48+00:00\" \/>\n<meta property=\"og:image\" content=\"https:\/\/cambionet.usts.fr\/wp-content\/uploads\/2023\/11\/Participation-en-distanciel-de-Harry-Ozier-Lafontaine-au-Congres-de-la-Caribbean-Philanthropic-Alliance-3.png\" \/>\n\t<meta property=\"og:image:width\" content=\"980\" \/>\n\t<meta property=\"og:image:height\" content=\"540\" \/>\n\t<meta property=\"og:image:type\" content=\"image\/png\" \/>\n<meta name=\"author\" content=\"Anais Ramalho\" \/>\n<meta name=\"twitter:card\" content=\"summary_large_image\" \/>\n<meta name=\"twitter:label1\" content=\"Escrito por\" \/>\n\t<meta name=\"twitter:data1\" content=\"Anais Ramalho\" \/>\n\t<meta name=\"twitter:label2\" content=\"Tiempo de lectura\" \/>\n\t<meta name=\"twitter:data2\" content=\"2 minutos\" \/>\n<script type=\"application\/ld+json\" class=\"yoast-schema-graph\">{\"@context\":\"https:\\\/\\\/schema.org\",\"@graph\":[{\"@type\":\"Article\",\"@id\":\"https:\\\/\\\/cambionet.usts.fr\\\/es\\\/participacion-de-cambionet-en-el-congreso-de-la-alianza-filantropica-del-caribe\\\/#article\",\"isPartOf\":{\"@id\":\"https:\\\/\\\/cambionet.usts.fr\\\/es\\\/participacion-de-cambionet-en-el-congreso-de-la-alianza-filantropica-del-caribe\\\/\"},\"author\":{\"name\":\"Anais Ramalho\",\"@id\":\"https:\\\/\\\/cambionet.usts.fr\\\/es\\\/#\\\/schema\\\/person\\\/b7e1ff310d206699c7ed24fec8fd141b\"},\"headline\":\"Participaci\u00f3n de CambioNet en el Congreso de la Alianza Filantr\u00f3pica del Caribe\",\"datePublished\":\"2023-11-16T19:12:10+00:00\",\"dateModified\":\"2024-02-16T12:33:48+00:00\",\"mainEntityOfPage\":{\"@id\":\"https:\\\/\\\/cambionet.usts.fr\\\/es\\\/participacion-de-cambionet-en-el-congreso-de-la-alianza-filantropica-del-caribe\\\/\"},\"wordCount\":314,\"commentCount\":0,\"publisher\":{\"@id\":\"https:\\\/\\\/cambionet.usts.fr\\\/es\\\/#organization\"},\"image\":{\"@id\":\"https:\\\/\\\/cambionet.usts.fr\\\/es\\\/participacion-de-cambionet-en-el-congreso-de-la-alianza-filantropica-del-caribe\\\/#primaryimage\"},\"thumbnailUrl\":\"https:\\\/\\\/cambionet.usts.fr\\\/wp-content\\\/uploads\\\/2023\\\/11\\\/Participation-en-distanciel-de-Harry-Ozier-Lafontaine-au-Congres-de-la-Caribbean-Philanthropic-Alliance-3.png\",\"articleSection\":[\"Sin categorizar\"],\"inLanguage\":\"es\",\"potentialAction\":[{\"@type\":\"CommentAction\",\"name\":\"Comment\",\"target\":[\"https:\\\/\\\/cambionet.usts.fr\\\/es\\\/participacion-de-cambionet-en-el-congreso-de-la-alianza-filantropica-del-caribe\\\/#respond\"]}]},{\"@type\":\"WebPage\",\"@id\":\"https:\\\/\\\/cambionet.usts.fr\\\/es\\\/participacion-de-cambionet-en-el-congreso-de-la-alianza-filantropica-del-caribe\\\/\",\"url\":\"https:\\\/\\\/cambionet.usts.fr\\\/es\\\/participacion-de-cambionet-en-el-congreso-de-la-alianza-filantropica-del-caribe\\\/\",\"name\":\"Participaci\u00f3n de CambioNet en el Congreso del Caribe...\",\"isPartOf\":{\"@id\":\"https:\\\/\\\/cambionet.usts.fr\\\/es\\\/#website\"},\"primaryImageOfPage\":{\"@id\":\"https:\\\/\\\/cambionet.usts.fr\\\/es\\\/participacion-de-cambionet-en-el-congreso-de-la-alianza-filantropica-del-caribe\\\/#primaryimage\"},\"image\":{\"@id\":\"https:\\\/\\\/cambionet.usts.fr\\\/es\\\/participacion-de-cambionet-en-el-congreso-de-la-alianza-filantropica-del-caribe\\\/#primaryimage\"},\"thumbnailUrl\":\"https:\\\/\\\/cambionet.usts.fr\\\/wp-content\\\/uploads\\\/2023\\\/11\\\/Participation-en-distanciel-de-Harry-Ozier-Lafontaine-au-Congres-de-la-Caribbean-Philanthropic-Alliance-3.png\",\"datePublished\":\"2023-11-16T19:12:10+00:00\",\"dateModified\":\"2024-02-16T12:33:48+00:00\",\"description\":\"Participaci\u00f3n (remota) de CambioNet en el Congreso de la Alianza Filantr\u00f3pica del Caribe del 16 al 22 de octubre de 2023\",\"breadcrumb\":{\"@id\":\"https:\\\/\\\/cambionet.usts.fr\\\/es\\\/participacion-de-cambionet-en-el-congreso-de-la-alianza-filantropica-del-caribe\\\/#breadcrumb\"},\"inLanguage\":\"es\",\"potentialAction\":[{\"@type\":\"ReadAction\",\"target\":[\"https:\\\/\\\/cambionet.usts.fr\\\/es\\\/participacion-de-cambionet-en-el-congreso-de-la-alianza-filantropica-del-caribe\\\/\"]}]},{\"@type\":\"ImageObject\",\"inLanguage\":\"es\",\"@id\":\"https:\\\/\\\/cambionet.usts.fr\\\/es\\\/participacion-de-cambionet-en-el-congreso-de-la-alianza-filantropica-del-caribe\\\/#primaryimage\",\"url\":\"https:\\\/\\\/cambionet.usts.fr\\\/wp-content\\\/uploads\\\/2023\\\/11\\\/Participation-en-distanciel-de-Harry-Ozier-Lafontaine-au-Congres-de-la-Caribbean-Philanthropic-Alliance-3.png\",\"contentUrl\":\"https:\\\/\\\/cambionet.usts.fr\\\/wp-content\\\/uploads\\\/2023\\\/11\\\/Participation-en-distanciel-de-Harry-Ozier-Lafontaine-au-Congres-de-la-Caribbean-Philanthropic-Alliance-3.png\",\"width\":980,\"height\":540,\"caption\":\"participation congr\u00e8s caribbean philanthropic alliance cambionet\"},{\"@type\":\"BreadcrumbList\",\"@id\":\"https:\\\/\\\/cambionet.usts.fr\\\/es\\\/participacion-de-cambionet-en-el-congreso-de-la-alianza-filantropica-del-caribe\\\/#breadcrumb\",\"itemListElement\":[{\"@type\":\"ListItem\",\"position\":1,\"name\":\"Home\",\"item\":\"https:\\\/\\\/cambionet.usts.fr\\\/es\\\/paginal-principal-cambionet\\\/\"},{\"@type\":\"ListItem\",\"position\":2,\"name\":\"Participaci\u00f3n de CambioNet en el Congreso de la Alianza Filantr\u00f3pica del Caribe\"}]},{\"@type\":\"WebSite\",\"@id\":\"https:\\\/\\\/cambionet.usts.fr\\\/es\\\/#website\",\"url\":\"https:\\\/\\\/cambionet.usts.fr\\\/es\\\/\",\"name\":\"Cambionet\",\"description\":\"\",\"publisher\":{\"@id\":\"https:\\\/\\\/cambionet.usts.fr\\\/es\\\/#organization\"},\"potentialAction\":[{\"@type\":\"SearchAction\",\"target\":{\"@type\":\"EntryPoint\",\"urlTemplate\":\"https:\\\/\\\/cambionet.usts.fr\\\/es\\\/?s={search_term_string}\"},\"query-input\":{\"@type\":\"PropertyValueSpecification\",\"valueRequired\":true,\"valueName\":\"search_term_string\"}}],\"inLanguage\":\"es\"},{\"@type\":\"Organization\",\"@id\":\"https:\\\/\\\/cambionet.usts.fr\\\/es\\\/#organization\",\"name\":\"Cambionet\",\"url\":\"https:\\\/\\\/cambionet.usts.fr\\\/es\\\/\",\"logo\":{\"@type\":\"ImageObject\",\"inLanguage\":\"es\",\"@id\":\"https:\\\/\\\/cambionet.usts.fr\\\/es\\\/#\\\/schema\\\/logo\\\/image\\\/\",\"url\":\"https:\\\/\\\/cambionet.usts.fr\\\/wp-content\\\/uploads\\\/2023\\\/10\\\/combi_aligne__fond_blanc_-removebg-preview.png\",\"contentUrl\":\"https:\\\/\\\/cambionet.usts.fr\\\/wp-content\\\/uploads\\\/2023\\\/10\\\/combi_aligne__fond_blanc_-removebg-preview.png\",\"width\":1043,\"height\":210,\"caption\":\"Cambionet\"},\"image\":{\"@id\":\"https:\\\/\\\/cambionet.usts.fr\\\/es\\\/#\\\/schema\\\/logo\\\/image\\\/\"}},{\"@type\":\"Person\",\"@id\":\"https:\\\/\\\/cambionet.usts.fr\\\/es\\\/#\\\/schema\\\/person\\\/b7e1ff310d206699c7ed24fec8fd141b\",\"name\":\"Anais Ramalho\",\"image\":{\"@type\":\"ImageObject\",\"inLanguage\":\"es\",\"@id\":\"https:\\\/\\\/secure.gravatar.com\\\/avatar\\\/527fa4fa112c1fe24d78e83e81e5e7b0defa821eee1494885f5aa55f21af5248?s=96&d=mm&r=g\",\"url\":\"https:\\\/\\\/secure.gravatar.com\\\/avatar\\\/527fa4fa112c1fe24d78e83e81e5e7b0defa821eee1494885f5aa55f21af5248?s=96&d=mm&r=g\",\"contentUrl\":\"https:\\\/\\\/secure.gravatar.com\\\/avatar\\\/527fa4fa112c1fe24d78e83e81e5e7b0defa821eee1494885f5aa55f21af5248?s=96&d=mm&r=g\",\"caption\":\"Anais Ramalho\"},\"url\":\"https:\\\/\\\/cambionet.usts.fr\\\/es\\\/author\\\/anais-r\\\/\"}]}<\/script>\n<!-- \/ Yoast SEO plugin. -->","yoast_head_json":{"title":"Participaci\u00f3n de CambioNet en el Congreso del Caribe...","description":"Participaci\u00f3n (remota) de CambioNet en el Congreso de la Alianza Filantr\u00f3pica del Caribe del 16 al 22 de octubre de 2023","robots":{"index":"noindex","follow":"follow","max-snippet":"max-snippet:-1","max-image-preview":"max-image-preview:large","max-video-preview":"max-video-preview:-1"},"og_locale":"es_ES","og_type":"article","og_title":"Participaci\u00f3n de CambioNet en el Congreso del Caribe...","og_description":"Participaci\u00f3n (remota) de CambioNet en el Congreso de la Alianza Filantr\u00f3pica del Caribe del 16 al 22 de octubre de 2023","og_url":"https:\/\/cambionet.usts.fr\/es\/participacion-de-cambionet-en-el-congreso-de-la-alianza-filantropica-del-caribe\/","og_site_name":"Cambionet","article_published_time":"2023-11-16T19:12:10+00:00","article_modified_time":"2024-02-16T12:33:48+00:00","og_image":[{"width":980,"height":540,"url":"https:\/\/cambionet.usts.fr\/wp-content\/uploads\/2023\/11\/Participation-en-distanciel-de-Harry-Ozier-Lafontaine-au-Congres-de-la-Caribbean-Philanthropic-Alliance-3.png","type":"image\/png"}],"author":"Anais Ramalho","twitter_card":"summary_large_image","twitter_misc":{"Escrito por":"Anais Ramalho","Tiempo de lectura":"2 minutos"},"schema":{"@context":"https:\/\/schema.org","@graph":[{"@type":"Article","@id":"https:\/\/cambionet.usts.fr\/es\/participacion-de-cambionet-en-el-congreso-de-la-alianza-filantropica-del-caribe\/#article","isPartOf":{"@id":"https:\/\/cambionet.usts.fr\/es\/participacion-de-cambionet-en-el-congreso-de-la-alianza-filantropica-del-caribe\/"},"author":{"name":"Anais Ramalho","@id":"https:\/\/cambionet.usts.fr\/es\/#\/schema\/person\/b7e1ff310d206699c7ed24fec8fd141b"},"headline":"Participaci\u00f3n de CambioNet en el Congreso de la Alianza Filantr\u00f3pica del Caribe","datePublished":"2023-11-16T19:12:10+00:00","dateModified":"2024-02-16T12:33:48+00:00","mainEntityOfPage":{"@id":"https:\/\/cambionet.usts.fr\/es\/participacion-de-cambionet-en-el-congreso-de-la-alianza-filantropica-del-caribe\/"},"wordCount":314,"commentCount":0,"publisher":{"@id":"https:\/\/cambionet.usts.fr\/es\/#organization"},"image":{"@id":"https:\/\/cambionet.usts.fr\/es\/participacion-de-cambionet-en-el-congreso-de-la-alianza-filantropica-del-caribe\/#primaryimage"},"thumbnailUrl":"https:\/\/cambionet.usts.fr\/wp-content\/uploads\/2023\/11\/Participation-en-distanciel-de-Harry-Ozier-Lafontaine-au-Congres-de-la-Caribbean-Philanthropic-Alliance-3.png","articleSection":["Sin categorizar"],"inLanguage":"es","potentialAction":[{"@type":"CommentAction","name":"Comment","target":["https:\/\/cambionet.usts.fr\/es\/participacion-de-cambionet-en-el-congreso-de-la-alianza-filantropica-del-caribe\/#respond"]}]},{"@type":"WebPage","@id":"https:\/\/cambionet.usts.fr\/es\/participacion-de-cambionet-en-el-congreso-de-la-alianza-filantropica-del-caribe\/","url":"https:\/\/cambionet.usts.fr\/es\/participacion-de-cambionet-en-el-congreso-de-la-alianza-filantropica-del-caribe\/","name":"Participaci\u00f3n de CambioNet en el Congreso del Caribe...","isPartOf":{"@id":"https:\/\/cambionet.usts.fr\/es\/#website"},"primaryImageOfPage":{"@id":"https:\/\/cambionet.usts.fr\/es\/participacion-de-cambionet-en-el-congreso-de-la-alianza-filantropica-del-caribe\/#primaryimage"},"image":{"@id":"https:\/\/cambionet.usts.fr\/es\/participacion-de-cambionet-en-el-congreso-de-la-alianza-filantropica-del-caribe\/#primaryimage"},"thumbnailUrl":"https:\/\/cambionet.usts.fr\/wp-content\/uploads\/2023\/11\/Participation-en-distanciel-de-Harry-Ozier-Lafontaine-au-Congres-de-la-Caribbean-Philanthropic-Alliance-3.png","datePublished":"2023-11-16T19:12:10+00:00","dateModified":"2024-02-16T12:33:48+00:00","description":"Participaci\u00f3n (remota) de CambioNet en el Congreso de la Alianza Filantr\u00f3pica del Caribe del 16 al 22 de octubre de 2023","breadcrumb":{"@id":"https:\/\/cambionet.usts.fr\/es\/participacion-de-cambionet-en-el-congreso-de-la-alianza-filantropica-del-caribe\/#breadcrumb"},"inLanguage":"es","potentialAction":[{"@type":"ReadAction","target":["https:\/\/cambionet.usts.fr\/es\/participacion-de-cambionet-en-el-congreso-de-la-alianza-filantropica-del-caribe\/"]}]},{"@type":"ImageObject","inLanguage":"es","@id":"https:\/\/cambionet.usts.fr\/es\/participacion-de-cambionet-en-el-congreso-de-la-alianza-filantropica-del-caribe\/#primaryimage","url":"https:\/\/cambionet.usts.fr\/wp-content\/uploads\/2023\/11\/Participation-en-distanciel-de-Harry-Ozier-Lafontaine-au-Congres-de-la-Caribbean-Philanthropic-Alliance-3.png","contentUrl":"https:\/\/cambionet.usts.fr\/wp-content\/uploads\/2023\/11\/Participation-en-distanciel-de-Harry-Ozier-Lafontaine-au-Congres-de-la-Caribbean-Philanthropic-Alliance-3.png","width":980,"height":540,"caption":"participation congr\u00e8s caribbean philanthropic alliance cambionet"},{"@type":"BreadcrumbList","@id":"https:\/\/cambionet.usts.fr\/es\/participacion-de-cambionet-en-el-congreso-de-la-alianza-filantropica-del-caribe\/#breadcrumb","itemListElement":[{"@type":"ListItem","position":1,"name":"Home","item":"https:\/\/cambionet.usts.fr\/es\/paginal-principal-cambionet\/"},{"@type":"ListItem","position":2,"name":"Participaci\u00f3n de CambioNet en el Congreso de la Alianza Filantr\u00f3pica del Caribe"}]},{"@type":"WebSite","@id":"https:\/\/cambionet.usts.fr\/es\/#website","url":"https:\/\/cambionet.usts.fr\/es\/","name":"Cambionet","description":"","publisher":{"@id":"https:\/\/cambionet.usts.fr\/es\/#organization"},"potentialAction":[{"@type":"SearchAction","target":{"@type":"EntryPoint","urlTemplate":"https:\/\/cambionet.usts.fr\/es\/?s={search_term_string}"},"query-input":{"@type":"PropertyValueSpecification","valueRequired":true,"valueName":"search_term_string"}}],"inLanguage":"es"},{"@type":"Organization","@id":"https:\/\/cambionet.usts.fr\/es\/#organization","name":"Cambionet","url":"https:\/\/cambionet.usts.fr\/es\/","logo":{"@type":"ImageObject","inLanguage":"es","@id":"https:\/\/cambionet.usts.fr\/es\/#\/schema\/logo\/image\/","url":"https:\/\/cambionet.usts.fr\/wp-content\/uploads\/2023\/10\/combi_aligne__fond_blanc_-removebg-preview.png","contentUrl":"https:\/\/cambionet.usts.fr\/wp-content\/uploads\/2023\/10\/combi_aligne__fond_blanc_-removebg-preview.png","width":1043,"height":210,"caption":"Cambionet"},"image":{"@id":"https:\/\/cambionet.usts.fr\/es\/#\/schema\/logo\/image\/"}},{"@type":"Person","@id":"https:\/\/cambionet.usts.fr\/es\/#\/schema\/person\/b7e1ff310d206699c7ed24fec8fd141b","name":"Anais Ramalho","image":{"@type":"ImageObject","inLanguage":"es","@id":"https:\/\/secure.gravatar.com\/avatar\/527fa4fa112c1fe24d78e83e81e5e7b0defa821eee1494885f5aa55f21af5248?s=96&d=mm&r=g","url":"https:\/\/secure.gravatar.com\/avatar\/527fa4fa112c1fe24d78e83e81e5e7b0defa821eee1494885f5aa55f21af5248?s=96&d=mm&r=g","contentUrl":"https:\/\/secure.gravatar.com\/avatar\/527fa4fa112c1fe24d78e83e81e5e7b0defa821eee1494885f5aa55f21af5248?s=96&d=mm&r=g","caption":"Anais Ramalho"},"url":"https:\/\/cambionet.usts.fr\/es\/author\/anais-r\/"}]}},"rttpg_featured_image_url":{"full":["https:\/\/cambionet.usts.fr\/wp-content\/uploads\/2023\/11\/Participation-en-distanciel-de-Harry-Ozier-Lafontaine-au-Congres-de-la-Caribbean-Philanthropic-Alliance-3.png",980,540,false],"landscape":["https:\/\/cambionet.usts.fr\/wp-content\/uploads\/2023\/11\/Participation-en-distanciel-de-Harry-Ozier-Lafontaine-au-Congres-de-la-Caribbean-Philanthropic-Alliance-3.png",980,540,false],"portraits":["https:\/\/cambionet.usts.fr\/wp-content\/uploads\/2023\/11\/Participation-en-distanciel-de-Harry-Ozier-Lafontaine-au-Congres-de-la-Caribbean-Philanthropic-Alliance-3.png",980,540,false],"thumbnail":["https:\/\/cambionet.usts.fr\/wp-content\/uploads\/2023\/11\/Participation-en-distanciel-de-Harry-Ozier-Lafontaine-au-Congres-de-la-Caribbean-Philanthropic-Alliance-3-150x150.png",150,150,true],"medium":["https:\/\/cambionet.usts.fr\/wp-content\/uploads\/2023\/11\/Participation-en-distanciel-de-Harry-Ozier-Lafontaine-au-Congres-de-la-Caribbean-Philanthropic-Alliance-3-300x165.png",300,165,true],"large":["https:\/\/cambionet.usts.fr\/wp-content\/uploads\/2023\/11\/Participation-en-distanciel-de-Harry-Ozier-Lafontaine-au-Congres-de-la-Caribbean-Philanthropic-Alliance-3.png",800,441,false],"1536x1536":["https:\/\/cambionet.usts.fr\/wp-content\/uploads\/2023\/11\/Participation-en-distanciel-de-Harry-Ozier-Lafontaine-au-Congres-de-la-Caribbean-Philanthropic-Alliance-3.png",980,540,false],"2048x2048":["https:\/\/cambionet.usts.fr\/wp-content\/uploads\/2023\/11\/Participation-en-distanciel-de-Harry-Ozier-Lafontaine-au-Congres-de-la-Caribbean-Philanthropic-Alliance-3.png",980,540,false],"gform-image-choice-sm":["https:\/\/cambionet.usts.fr\/wp-content\/uploads\/2023\/11\/Participation-en-distanciel-de-Harry-Ozier-Lafontaine-au-Congres-de-la-Caribbean-Philanthropic-Alliance-3.png",300,165,false],"gform-image-choice-md":["https:\/\/cambionet.usts.fr\/wp-content\/uploads\/2023\/11\/Participation-en-distanciel-de-Harry-Ozier-Lafontaine-au-Congres-de-la-Caribbean-Philanthropic-Alliance-3.png",400,220,false],"gform-image-choice-lg":["https:\/\/cambionet.usts.fr\/wp-content\/uploads\/2023\/11\/Participation-en-distanciel-de-Harry-Ozier-Lafontaine-au-Congres-de-la-Caribbean-Philanthropic-Alliance-3.png",600,331,false]},"rttpg_author":{"display_name":"Anais Ramalho","author_link":"https:\/\/cambionet.usts.fr\/es\/author\/anais-r\/"},"rttpg_comment":0,"rttpg_category":"<a href=\"https:\/\/cambionet.usts.fr\/es\/category\/sin-categorizar\/\" rel=\"category tag\">Sin categorizar<\/a>","rttpg_excerpt":"Participaci\u00f3n de CambioNet en el Congreso de la Alianza Filantr\u00f3pica del Caribe 16 al 22 de octubre de 2023 \u200bSomos una organizaci\u00f3n caribe\u00f1a sin fines de lucro que conecta a colaboradores y fil\u00e1ntropos para impulsar el desarrollo sostenible. Estamos anclados en la vida real de las poblaciones caribe\u00f1as y apoyamos a organizaciones comprometidas con mejorar&hellip;","_links":{"self":[{"href":"https:\/\/cambionet.usts.fr\/es\/wp-json\/wp\/v2\/posts\/4616","targetHints":{"allow":["GET"]}}],"collection":[{"href":"https:\/\/cambionet.usts.fr\/es\/wp-json\/wp\/v2\/posts"}],"about":[{"href":"https:\/\/cambionet.usts.fr\/es\/wp-json\/wp\/v2\/types\/post"}],"author":[{"embeddable":true,"href":"https:\/\/cambionet.usts.fr\/es\/wp-json\/wp\/v2\/users\/6"}],"replies":[{"embeddable":true,"href":"https:\/\/cambionet.usts.fr\/es\/wp-json\/wp\/v2\/comments?post=4616"}],"version-history":[{"count":1,"href":"https:\/\/cambionet.usts.fr\/es\/wp-json\/wp\/v2\/posts\/4616\/revisions"}],"predecessor-version":[{"id":4617,"href":"https:\/\/cambionet.usts.fr\/es\/wp-json\/wp\/v2\/posts\/4616\/revisions\/4617"}],"wp:featuredmedia":[{"embeddable":true,"href":"https:\/\/cambionet.usts.fr\/es\/wp-json\/wp\/v2\/media\/665"}],"wp:attachment":[{"href":"https:\/\/cambionet.usts.fr\/es\/wp-json\/wp\/v2\/media?parent=4616"}],"wp:term":[{"taxonomy":"category","embeddable":true,"href":"https:\/\/cambionet.usts.fr\/es\/wp-json\/wp\/v2\/categories?post=4616"},{"taxonomy":"post_tag","embeddable":true,"href":"https:\/\/cambionet.usts.fr\/es\/wp-json\/wp\/v2\/tags?post=4616"}],"curies":[{"name":"wp","href":"https:\/\/api.w.org\/{rel}","templated":true}]}}