{"id":4620,"date":"2023-11-17T20:46:55","date_gmt":"2023-11-17T20:46:55","guid":{"rendered":"https:\/\/cambionet.usts.fr\/primera-reunion-de-copil-en-santa-lucia\/"},"modified":"2024-02-16T12:50:03","modified_gmt":"2024-02-16T12:50:03","slug":"primera-reunion-de-copil-en-santa-lucia","status":"publish","type":"post","link":"https:\/\/cambionet.usts.fr\/es\/primera-reunion-de-copil-en-santa-lucia\/","title":{"rendered":"Primera reuni\u00f3n de COPIL en Santa Luc\u00eda"},"content":{"rendered":"\t\t<div data-elementor-type=\"wp-post\" data-elementor-id=\"4620\" class=\"elementor elementor-4620 elementor-1037\" data-elementor-post-type=\"post\">\n\t\t\t\t<div class=\"elementor-element elementor-element-ab1e020 e-flex e-con-boxed e-con e-parent\" data-id=\"ab1e020\" data-element_type=\"container\" data-e-type=\"container\">\n\t\t\t\t\t<div class=\"e-con-inner\">\n\t\t\t\t<div class=\"elementor-element elementor-element-23c454d elementor-widget elementor-widget-text-editor\" data-id=\"23c454d\" data-element_type=\"widget\" data-e-type=\"widget\" data-widget_type=\"text-editor.default\">\n\t\t\t\t<div class=\"elementor-widget-container\">\n\t\t\t\t\t\t\t\t\t<h2 style=\"text-align: center;\"><strong><br \/>Primera reuni\u00f3n de COPIL en Santa Luc\u00eda<br \/><\/strong><\/h2>\n<p style=\"text-align: center;\"><strong>Julio 2022<\/strong><\/p>\n\t\t\t\t\t\t\t\t<\/div>\n\t\t\t\t<\/div>\n\t\t\t\t\t<\/div>\n\t\t\t\t<\/div>\n\t\t<div class=\"elementor-element elementor-element-bbf48dc e-flex e-con-boxed e-con e-parent\" data-id=\"bbf48dc\" data-element_type=\"container\" data-e-type=\"container\">\n\t\t\t\t\t<div class=\"e-con-inner\">\n\t\t<div class=\"elementor-element elementor-element-00033fb e-con-full e-flex e-con e-child\" data-id=\"00033fb\" data-element_type=\"container\" data-e-type=\"container\">\n\t\t\t\t<div class=\"elementor-element elementor-element-447b105 elementor-widget__width-initial elementor-widget elementor-widget-image\" data-id=\"447b105\" data-element_type=\"widget\" data-e-type=\"widget\" data-widget_type=\"image.default\">\n\t\t\t\t<div class=\"elementor-widget-container\">\n\t\t\t\t\t\t\t\t\t\t\t\t\t\t\t<img fetchpriority=\"high\" decoding=\"async\" width=\"800\" height=\"383\" src=\"https:\/\/cambionet.usts.fr\/wp-content\/uploads\/2023\/11\/1ere-rencontre-projet-cambionet-a-sainte-lucie-1024x490.png\" class=\"attachment-large size-large wp-image-1026\" alt=\"s\u00e9minaire cambionet\" srcset=\"https:\/\/cambionet.usts.fr\/wp-content\/uploads\/2023\/11\/1ere-rencontre-projet-cambionet-a-sainte-lucie-1024x490.png 1024w, https:\/\/cambionet.usts.fr\/wp-content\/uploads\/2023\/11\/1ere-rencontre-projet-cambionet-a-sainte-lucie-300x143.png 300w, https:\/\/cambionet.usts.fr\/wp-content\/uploads\/2023\/11\/1ere-rencontre-projet-cambionet-a-sainte-lucie-768x367.png 768w, https:\/\/cambionet.usts.fr\/wp-content\/uploads\/2023\/11\/1ere-rencontre-projet-cambionet-a-sainte-lucie.png 1525w\" sizes=\"(max-width: 800px) 100vw, 800px\" \/>\t\t\t\t\t\t\t\t\t\t\t\t\t\t\t<\/div>\n\t\t\t\t<\/div>\n\t\t\t\t<\/div>\n\t\t<div class=\"elementor-element elementor-element-59027d4 e-con-full e-flex e-con e-child\" data-id=\"59027d4\" data-element_type=\"container\" data-e-type=\"container\">\n\t\t\t\t<div class=\"elementor-element elementor-element-7400102 elementor-widget elementor-widget-text-editor\" data-id=\"7400102\" data-element_type=\"widget\" data-e-type=\"widget\" data-widget_type=\"text-editor.default\">\n\t\t\t\t<div class=\"elementor-widget-container\">\n\t\t\t\t\t\t\t\t\t<div class=\"ContentArticle\">\n<p class=\"ContentArticle-intro\">Los integrantes del proyecto <a href=\"https:\/\/cambionet.usts.fr\/qui-sommes-nous\/\"><strong>CambioNet<\/strong><\/a> se reunieron por primera vez cara a cara, en Santa Luc\u00eda, en julio de 2022.<\/p>\n<div class=\"ContentArticle-wording richtext\">\n<p>Este fue un seminario de larga duraci\u00f3n, que incluye varias sesiones del Comit\u00e9 Ejecutivo para revisar y trabajar en los avances y diferentes planes de acci\u00f3n respecto de los cuatro paquetes de trabajo del proyecto.<\/p>\n<p>El primer seminario representa una oportunidad crucial para sentar las bases de una colaboraci\u00f3n fruct\u00edfera. Grandes retos: definir objetivos comunes, fomentar la comunicaci\u00f3n interpersonal, establecer el esp\u00edritu de equipo y estimular la innovaci\u00f3n. La finalizaci\u00f3n exitosa de este seminario influir\u00e1 directamente en la din\u00e1mica del grupo, la efectividad operativa y el logro de las metas organizacionales.<\/p>\n<p>Reuni\u00f3n presencial de miembros del COMOP (Comit\u00e9 Operativo) finalizando con la 1\u00aa COPIL (Comit\u00e9 Directivo).<\/p>\n<p>Por primera vez desde el lanzamiento oficial, los miembros del proyecto se reunir\u00e1n en persona para discutir el progreso del proyecto (cada Paquete de Trabajo).<\/p>\n<p>Al final del seminario de esta semana, el Comit\u00e9 Directivo (COPIL) se reunir\u00e1 para recibir un resumen de estos avances y validar las direcciones estrat\u00e9gicas tomadas hasta la fecha.<\/p>\n<p><strong><a href=\"https:\/\/cambionet.usts.fr\/wp-content\/uploads\/2024\/01\/Album-photo-SLU-Jul2022-2.pdf\" target=\"_blank\" rel=\"noopener\">Encuentra el \u00e1lbum de fotos <span style=\"text-decoration: underline;\">aqui<\/span>.<\/a><\/strong><\/p>\n<p>A continuaci\u00f3n se muestra un v\u00eddeo resumen de estos eventos:<\/p>\n<\/div>\n<\/div>\n\t\t\t\t\t\t\t\t<\/div>\n\t\t\t\t<\/div>\n\t\t\t\t<\/div>\n\t\t\t\t\t<\/div>\n\t\t\t\t<\/div>\n\t\t<div class=\"elementor-element elementor-element-827ca3a e-flex e-con-boxed e-con e-parent\" data-id=\"827ca3a\" data-element_type=\"container\" data-e-type=\"container\">\n\t\t\t\t\t<div class=\"e-con-inner\">\n\t\t\t\t<div class=\"elementor-element elementor-element-51a3cee elementor-widget elementor-widget-video\" data-id=\"51a3cee\" data-element_type=\"widget\" data-e-type=\"widget\" data-settings=\"{&quot;youtube_url&quot;:&quot;https:\\\/\\\/www.youtube.com\\\/watch?app=desktop&amp;v=4NVl-n8jRcw&amp;ab_channel=CambioNET&quot;,&quot;video_type&quot;:&quot;youtube&quot;,&quot;controls&quot;:&quot;yes&quot;}\" data-widget_type=\"video.default\">\n\t\t\t\t<div class=\"elementor-widget-container\">\n\t\t\t\t\t\t\t<div class=\"elementor-wrapper elementor-open-inline\">\n\t\t\t<div class=\"elementor-video\"><\/div>\t\t<\/div>\n\t\t\t\t\t\t<\/div>\n\t\t\t\t<\/div>\n\t\t\t\t\t<\/div>\n\t\t\t\t<\/div>\n\t\t<div class=\"elementor-element elementor-element-6e6bbfd e-flex e-con-boxed e-con e-parent\" data-id=\"6e6bbfd\" data-element_type=\"container\" data-e-type=\"container\">\n\t\t\t\t\t<div class=\"e-con-inner\">\n\t\t\t\t<div class=\"elementor-element elementor-element-7d09b97 elementor-share-buttons--view-icon-text elementor-share-buttons--skin-gradient elementor-share-buttons--shape-square elementor-grid-0 elementor-share-buttons--color-official elementor-widget elementor-widget-share-buttons\" data-id=\"7d09b97\" data-element_type=\"widget\" data-e-type=\"widget\" data-widget_type=\"share-buttons.default\">\n\t\t\t\t<div class=\"elementor-widget-container\">\n\t\t\t\t\t\t\t<div class=\"elementor-grid\" role=\"list\">\n\t\t\t\t\t\t\t\t<div class=\"elementor-grid-item\" role=\"listitem\">\n\t\t\t\t\t\t<div class=\"elementor-share-btn elementor-share-btn_facebook\" role=\"button\" tabindex=\"0\" aria-label=\"Compartir en facebook\">\n\t\t\t\t\t\t\t\t\t\t\t\t\t\t\t<span class=\"elementor-share-btn__icon\">\n\t\t\t\t\t\t\t\t<svg aria-hidden=\"true\" class=\"e-font-icon-svg e-fab-facebook\" viewBox=\"0 0 512 512\" xmlns=\"http:\/\/www.w3.org\/2000\/svg\"><path d=\"M504 256C504 119 393 8 256 8S8 119 8 256c0 123.78 90.69 226.38 209.25 245V327.69h-63V256h63v-54.64c0-62.15 37-96.48 93.67-96.48 27.14 0 55.52 4.84 55.52 4.84v61h-31.28c-30.8 0-40.41 19.12-40.41 38.73V256h68.78l-11 71.69h-57.78V501C413.31 482.38 504 379.78 504 256z\"><\/path><\/svg>\t\t\t\t\t\t\t<\/span>\n\t\t\t\t\t\t\t\t\t\t\t\t\t\t\t\t\t\t\t\t\t\t<div class=\"elementor-share-btn__text\">\n\t\t\t\t\t\t\t\t\t\t\t\t\t\t\t\t\t\t\t<span class=\"elementor-share-btn__title\">\n\t\t\t\t\t\t\t\t\t\tFacebook\t\t\t\t\t\t\t\t\t<\/span>\n\t\t\t\t\t\t\t\t\t\t\t\t\t\t\t\t\t<\/div>\n\t\t\t\t\t\t\t\t\t\t\t\t\t<\/div>\n\t\t\t\t\t<\/div>\n\t\t\t\t\t\t\t\t\t<div class=\"elementor-grid-item\" role=\"listitem\">\n\t\t\t\t\t\t<div class=\"elementor-share-btn elementor-share-btn_twitter\" role=\"button\" tabindex=\"0\" aria-label=\"Compartir en twitter\">\n\t\t\t\t\t\t\t\t\t\t\t\t\t\t\t<span class=\"elementor-share-btn__icon\">\n\t\t\t\t\t\t\t\t<svg aria-hidden=\"true\" class=\"e-font-icon-svg e-fab-twitter\" viewBox=\"0 0 512 512\" xmlns=\"http:\/\/www.w3.org\/2000\/svg\"><path d=\"M459.37 151.716c.325 4.548.325 9.097.325 13.645 0 138.72-105.583 298.558-298.558 298.558-59.452 0-114.68-17.219-161.137-47.106 8.447.974 16.568 1.299 25.34 1.299 49.055 0 94.213-16.568 130.274-44.832-46.132-.975-84.792-31.188-98.112-72.772 6.498.974 12.995 1.624 19.818 1.624 9.421 0 18.843-1.3 27.614-3.573-48.081-9.747-84.143-51.98-84.143-102.985v-1.299c13.969 7.797 30.214 12.67 47.431 13.319-28.264-18.843-46.781-51.005-46.781-87.391 0-19.492 5.197-37.36 14.294-52.954 51.655 63.675 129.3 105.258 216.365 109.807-1.624-7.797-2.599-15.918-2.599-24.04 0-57.828 46.782-104.934 104.934-104.934 30.213 0 57.502 12.67 76.67 33.137 23.715-4.548 46.456-13.32 66.599-25.34-7.798 24.366-24.366 44.833-46.132 57.827 21.117-2.273 41.584-8.122 60.426-16.243-14.292 20.791-32.161 39.308-52.628 54.253z\"><\/path><\/svg>\t\t\t\t\t\t\t<\/span>\n\t\t\t\t\t\t\t\t\t\t\t\t\t\t\t\t\t\t\t\t\t\t<div class=\"elementor-share-btn__text\">\n\t\t\t\t\t\t\t\t\t\t\t\t\t\t\t\t\t\t\t<span class=\"elementor-share-btn__title\">\n\t\t\t\t\t\t\t\t\t\tTwitter\t\t\t\t\t\t\t\t\t<\/span>\n\t\t\t\t\t\t\t\t\t\t\t\t\t\t\t\t\t<\/div>\n\t\t\t\t\t\t\t\t\t\t\t\t\t<\/div>\n\t\t\t\t\t<\/div>\n\t\t\t\t\t\t\t\t\t<div class=\"elementor-grid-item\" role=\"listitem\">\n\t\t\t\t\t\t<div class=\"elementor-share-btn elementor-share-btn_linkedin\" role=\"button\" tabindex=\"0\" aria-label=\"Compartir en linkedin\">\n\t\t\t\t\t\t\t\t\t\t\t\t\t\t\t<span class=\"elementor-share-btn__icon\">\n\t\t\t\t\t\t\t\t<svg aria-hidden=\"true\" class=\"e-font-icon-svg e-fab-linkedin\" viewBox=\"0 0 448 512\" xmlns=\"http:\/\/www.w3.org\/2000\/svg\"><path d=\"M416 32H31.9C14.3 32 0 46.5 0 64.3v383.4C0 465.5 14.3 480 31.9 480H416c17.6 0 32-14.5 32-32.3V64.3c0-17.8-14.4-32.3-32-32.3zM135.4 416H69V202.2h66.5V416zm-33.2-243c-21.3 0-38.5-17.3-38.5-38.5S80.9 96 102.2 96c21.2 0 38.5 17.3 38.5 38.5 0 21.3-17.2 38.5-38.5 38.5zm282.1 243h-66.4V312c0-24.8-.5-56.7-34.5-56.7-34.6 0-39.9 27-39.9 54.9V416h-66.4V202.2h63.7v29.2h.9c8.9-16.8 30.6-34.5 62.9-34.5 67.2 0 79.7 44.3 79.7 101.9V416z\"><\/path><\/svg>\t\t\t\t\t\t\t<\/span>\n\t\t\t\t\t\t\t\t\t\t\t\t\t\t\t\t\t\t\t\t\t\t<div class=\"elementor-share-btn__text\">\n\t\t\t\t\t\t\t\t\t\t\t\t\t\t\t\t\t\t\t<span class=\"elementor-share-btn__title\">\n\t\t\t\t\t\t\t\t\t\tLinkedIn\t\t\t\t\t\t\t\t\t<\/span>\n\t\t\t\t\t\t\t\t\t\t\t\t\t\t\t\t\t<\/div>\n\t\t\t\t\t\t\t\t\t\t\t\t\t<\/div>\n\t\t\t\t\t<\/div>\n\t\t\t\t\t\t\t\t\t<div class=\"elementor-grid-item\" role=\"listitem\">\n\t\t\t\t\t\t<div class=\"elementor-share-btn elementor-share-btn_whatsapp\" role=\"button\" tabindex=\"0\" aria-label=\"Compartir en whatsapp\">\n\t\t\t\t\t\t\t\t\t\t\t\t\t\t\t<span class=\"elementor-share-btn__icon\">\n\t\t\t\t\t\t\t\t<svg aria-hidden=\"true\" class=\"e-font-icon-svg e-fab-whatsapp\" viewBox=\"0 0 448 512\" xmlns=\"http:\/\/www.w3.org\/2000\/svg\"><path d=\"M380.9 97.1C339 55.1 283.2 32 223.9 32c-122.4 0-222 99.6-222 222 0 39.1 10.2 77.3 29.6 111L0 480l117.7-30.9c32.4 17.7 68.9 27 106.1 27h.1c122.3 0 224.1-99.6 224.1-222 0-59.3-25.2-115-67.1-157zm-157 341.6c-33.2 0-65.7-8.9-94-25.7l-6.7-4-69.8 18.3L72 359.2l-4.4-7c-18.5-29.4-28.2-63.3-28.2-98.2 0-101.7 82.8-184.5 184.6-184.5 49.3 0 95.6 19.2 130.4 54.1 34.8 34.9 56.2 81.2 56.1 130.5 0 101.8-84.9 184.6-186.6 184.6zm101.2-138.2c-5.5-2.8-32.8-16.2-37.9-18-5.1-1.9-8.8-2.8-12.5 2.8-3.7 5.6-14.3 18-17.6 21.8-3.2 3.7-6.5 4.2-12 1.4-32.6-16.3-54-29.1-75.5-66-5.7-9.8 5.7-9.1 16.3-30.3 1.8-3.7.9-6.9-.5-9.7-1.4-2.8-12.5-30.1-17.1-41.2-4.5-10.8-9.1-9.3-12.5-9.5-3.2-.2-6.9-.2-10.6-.2-3.7 0-9.7 1.4-14.8 6.9-5.1 5.6-19.4 19-19.4 46.3 0 27.3 19.9 53.7 22.6 57.4 2.8 3.7 39.1 59.7 94.8 83.8 35.2 15.2 49 16.5 66.6 13.9 10.7-1.6 32.8-13.4 37.4-26.4 4.6-13 4.6-24.1 3.2-26.4-1.3-2.5-5-3.9-10.5-6.6z\"><\/path><\/svg>\t\t\t\t\t\t\t<\/span>\n\t\t\t\t\t\t\t\t\t\t\t\t\t\t\t\t\t\t\t\t\t\t<div class=\"elementor-share-btn__text\">\n\t\t\t\t\t\t\t\t\t\t\t\t\t\t\t\t\t\t\t<span class=\"elementor-share-btn__title\">\n\t\t\t\t\t\t\t\t\t\tWhatsApp\t\t\t\t\t\t\t\t\t<\/span>\n\t\t\t\t\t\t\t\t\t\t\t\t\t\t\t\t\t<\/div>\n\t\t\t\t\t\t\t\t\t\t\t\t\t<\/div>\n\t\t\t\t\t<\/div>\n\t\t\t\t\t\t\t\t\t<div class=\"elementor-grid-item\" role=\"listitem\">\n\t\t\t\t\t\t<div class=\"elementor-share-btn elementor-share-btn_email\" role=\"button\" tabindex=\"0\" aria-label=\"Compartir en email\">\n\t\t\t\t\t\t\t\t\t\t\t\t\t\t\t<span class=\"elementor-share-btn__icon\">\n\t\t\t\t\t\t\t\t<svg aria-hidden=\"true\" class=\"e-font-icon-svg e-fas-envelope\" viewBox=\"0 0 512 512\" xmlns=\"http:\/\/www.w3.org\/2000\/svg\"><path d=\"M502.3 190.8c3.9-3.1 9.7-.2 9.7 4.7V400c0 26.5-21.5 48-48 48H48c-26.5 0-48-21.5-48-48V195.6c0-5 5.7-7.8 9.7-4.7 22.4 17.4 52.1 39.5 154.1 113.6 21.1 15.4 56.7 47.8 92.2 47.6 35.7.3 72-32.8 92.3-47.6 102-74.1 131.6-96.3 154-113.7zM256 320c23.2.4 56.6-29.2 73.4-41.4 132.7-96.3 142.8-104.7 173.4-128.7 5.8-4.5 9.2-11.5 9.2-18.9v-19c0-26.5-21.5-48-48-48H48C21.5 64 0 85.5 0 112v19c0 7.4 3.4 14.3 9.2 18.9 30.6 23.9 40.7 32.4 173.4 128.7 16.8 12.2 50.2 41.8 73.4 41.4z\"><\/path><\/svg>\t\t\t\t\t\t\t<\/span>\n\t\t\t\t\t\t\t\t\t\t\t\t\t\t\t\t\t\t\t\t\t\t<div class=\"elementor-share-btn__text\">\n\t\t\t\t\t\t\t\t\t\t\t\t\t\t\t\t\t\t\t<span class=\"elementor-share-btn__title\">\n\t\t\t\t\t\t\t\t\t\tEmail\t\t\t\t\t\t\t\t\t<\/span>\n\t\t\t\t\t\t\t\t\t\t\t\t\t\t\t\t\t<\/div>\n\t\t\t\t\t\t\t\t\t\t\t\t\t<\/div>\n\t\t\t\t\t<\/div>\n\t\t\t\t\t\t\t\t\t<div class=\"elementor-grid-item\" role=\"listitem\">\n\t\t\t\t\t\t<div class=\"elementor-share-btn elementor-share-btn_print\" role=\"button\" tabindex=\"0\" aria-label=\"Compartir en print\">\n\t\t\t\t\t\t\t\t\t\t\t\t\t\t\t<span class=\"elementor-share-btn__icon\">\n\t\t\t\t\t\t\t\t<svg aria-hidden=\"true\" class=\"e-font-icon-svg e-fas-print\" viewBox=\"0 0 512 512\" xmlns=\"http:\/\/www.w3.org\/2000\/svg\"><path d=\"M448 192V77.25c0-8.49-3.37-16.62-9.37-22.63L393.37 9.37c-6-6-14.14-9.37-22.63-9.37H96C78.33 0 64 14.33 64 32v160c-35.35 0-64 28.65-64 64v112c0 8.84 7.16 16 16 16h48v96c0 17.67 14.33 32 32 32h320c17.67 0 32-14.33 32-32v-96h48c8.84 0 16-7.16 16-16V256c0-35.35-28.65-64-64-64zm-64 256H128v-96h256v96zm0-224H128V64h192v48c0 8.84 7.16 16 16 16h48v96zm48 72c-13.25 0-24-10.75-24-24 0-13.26 10.75-24 24-24s24 10.74 24 24c0 13.25-10.75 24-24 24z\"><\/path><\/svg>\t\t\t\t\t\t\t<\/span>\n\t\t\t\t\t\t\t\t\t\t\t\t\t\t\t\t\t\t\t\t\t\t<div class=\"elementor-share-btn__text\">\n\t\t\t\t\t\t\t\t\t\t\t\t\t\t\t\t\t\t\t<span class=\"elementor-share-btn__title\">\n\t\t\t\t\t\t\t\t\t\tPrint\t\t\t\t\t\t\t\t\t<\/span>\n\t\t\t\t\t\t\t\t\t\t\t\t\t\t\t\t\t<\/div>\n\t\t\t\t\t\t\t\t\t\t\t\t\t<\/div>\n\t\t\t\t\t<\/div>\n\t\t\t\t\t\t<\/div>\n\t\t\t\t\t\t<\/div>\n\t\t\t\t<\/div>\n\t\t\t\t\t<\/div>\n\t\t\t\t<\/div>\n\t\t\t\t<\/div>\n\t\t","protected":false},"excerpt":{"rendered":"<p>Primera reuni\u00f3n de COPIL en Santa Luc\u00eda Julio 2022 Los integrantes del proyecto CambioNet se reunieron por primera vez cara a cara, en Santa Luc\u00eda, en julio de 2022. Este fue un seminario de larga duraci\u00f3n, que incluye varias sesiones del Comit\u00e9 Ejecutivo para revisar y trabajar en los avances y diferentes planes de acci\u00f3n [&hellip;]<\/p>\n","protected":false},"author":6,"featured_media":1030,"comment_status":"open","ping_status":"closed","sticky":false,"template":"","format":"standard","meta":{"footnotes":""},"categories":[99],"tags":[],"class_list":["post-4620","post","type-post","status-publish","format-standard","has-post-thumbnail","hentry","category-noticias"],"yoast_head":"<!-- This site is optimized with the Yoast SEO plugin v27.5 - https:\/\/yoast.com\/product\/yoast-seo-wordpress\/ -->\n<title>Primera reuni\u00f3n de COPIL en Santa Luc\u00eda<\/title>\n<meta name=\"description\" content=\"Los integrantes del proyecto CambioNet se reunieron por primera vez cara a cara, en Santa Luc\u00eda. Fue un largo seminario [...]\" \/>\n<meta name=\"robots\" content=\"noindex, follow, max-snippet:-1, max-image-preview:large, max-video-preview:-1\" \/>\n<meta property=\"og:locale\" content=\"es_ES\" \/>\n<meta property=\"og:type\" content=\"article\" \/>\n<meta property=\"og:title\" content=\"Primera reuni\u00f3n de COPIL en Santa Luc\u00eda\" \/>\n<meta property=\"og:description\" content=\"Los integrantes del proyecto CambioNet se reunieron por primera vez cara a cara, en Santa Luc\u00eda. Fue un largo seminario [...]\" \/>\n<meta property=\"og:url\" content=\"https:\/\/cambionet.usts.fr\/es\/primera-reunion-de-copil-en-santa-lucia\/\" \/>\n<meta property=\"og:site_name\" content=\"Cambionet\" \/>\n<meta property=\"article:published_time\" content=\"2023-11-17T20:46:55+00:00\" \/>\n<meta property=\"article:modified_time\" content=\"2024-02-16T12:50:03+00:00\" \/>\n<meta property=\"og:image\" content=\"https:\/\/cambionet.usts.fr\/wp-content\/uploads\/2023\/11\/1ere-rencontre-projet-cambionet-a-sainte-lucie-1024x490.png\" \/>\n\t<meta property=\"og:image:width\" content=\"1024\" \/>\n\t<meta property=\"og:image:height\" content=\"490\" \/>\n\t<meta property=\"og:image:type\" content=\"image\/png\" \/>\n<meta name=\"author\" content=\"Anais Ramalho\" \/>\n<meta name=\"twitter:card\" content=\"summary_large_image\" \/>\n<meta name=\"twitter:label1\" content=\"Escrito por\" \/>\n\t<meta name=\"twitter:data1\" content=\"Anais Ramalho\" \/>\n\t<meta name=\"twitter:label2\" content=\"Tiempo de lectura\" \/>\n\t<meta name=\"twitter:data2\" content=\"1 minuto\" \/>\n<script type=\"application\/ld+json\" class=\"yoast-schema-graph\">{\"@context\":\"https:\\\/\\\/schema.org\",\"@graph\":[{\"@type\":\"Article\",\"@id\":\"https:\\\/\\\/cambionet.usts.fr\\\/es\\\/primera-reunion-de-copil-en-santa-lucia\\\/#article\",\"isPartOf\":{\"@id\":\"https:\\\/\\\/cambionet.usts.fr\\\/es\\\/primera-reunion-de-copil-en-santa-lucia\\\/\"},\"author\":{\"name\":\"Anais Ramalho\",\"@id\":\"https:\\\/\\\/cambionet.usts.fr\\\/es\\\/#\\\/schema\\\/person\\\/b7e1ff310d206699c7ed24fec8fd141b\"},\"headline\":\"Primera reuni\u00f3n de COPIL en Santa Luc\u00eda\",\"datePublished\":\"2023-11-17T20:46:55+00:00\",\"dateModified\":\"2024-02-16T12:50:03+00:00\",\"mainEntityOfPage\":{\"@id\":\"https:\\\/\\\/cambionet.usts.fr\\\/es\\\/primera-reunion-de-copil-en-santa-lucia\\\/\"},\"wordCount\":247,\"commentCount\":0,\"publisher\":{\"@id\":\"https:\\\/\\\/cambionet.usts.fr\\\/es\\\/#organization\"},\"image\":{\"@id\":\"https:\\\/\\\/cambionet.usts.fr\\\/es\\\/primera-reunion-de-copil-en-santa-lucia\\\/#primaryimage\"},\"thumbnailUrl\":\"https:\\\/\\\/cambionet.usts.fr\\\/wp-content\\\/uploads\\\/2023\\\/11\\\/1ere-rencontre-projet-cambionet-a-sainte-lucie.png\",\"articleSection\":[\"Noticias\"],\"inLanguage\":\"es\",\"potentialAction\":[{\"@type\":\"CommentAction\",\"name\":\"Comment\",\"target\":[\"https:\\\/\\\/cambionet.usts.fr\\\/es\\\/primera-reunion-de-copil-en-santa-lucia\\\/#respond\"]}]},{\"@type\":\"WebPage\",\"@id\":\"https:\\\/\\\/cambionet.usts.fr\\\/es\\\/primera-reunion-de-copil-en-santa-lucia\\\/\",\"url\":\"https:\\\/\\\/cambionet.usts.fr\\\/es\\\/primera-reunion-de-copil-en-santa-lucia\\\/\",\"name\":\"Primera reuni\u00f3n de COPIL en Santa Luc\u00eda\",\"isPartOf\":{\"@id\":\"https:\\\/\\\/cambionet.usts.fr\\\/es\\\/#website\"},\"primaryImageOfPage\":{\"@id\":\"https:\\\/\\\/cambionet.usts.fr\\\/es\\\/primera-reunion-de-copil-en-santa-lucia\\\/#primaryimage\"},\"image\":{\"@id\":\"https:\\\/\\\/cambionet.usts.fr\\\/es\\\/primera-reunion-de-copil-en-santa-lucia\\\/#primaryimage\"},\"thumbnailUrl\":\"https:\\\/\\\/cambionet.usts.fr\\\/wp-content\\\/uploads\\\/2023\\\/11\\\/1ere-rencontre-projet-cambionet-a-sainte-lucie.png\",\"datePublished\":\"2023-11-17T20:46:55+00:00\",\"dateModified\":\"2024-02-16T12:50:03+00:00\",\"description\":\"Los integrantes del proyecto CambioNet se reunieron por primera vez cara a cara, en Santa Luc\u00eda. Fue un largo seminario [...]\",\"breadcrumb\":{\"@id\":\"https:\\\/\\\/cambionet.usts.fr\\\/es\\\/primera-reunion-de-copil-en-santa-lucia\\\/#breadcrumb\"},\"inLanguage\":\"es\",\"potentialAction\":[{\"@type\":\"ReadAction\",\"target\":[\"https:\\\/\\\/cambionet.usts.fr\\\/es\\\/primera-reunion-de-copil-en-santa-lucia\\\/\"]}]},{\"@type\":\"ImageObject\",\"inLanguage\":\"es\",\"@id\":\"https:\\\/\\\/cambionet.usts.fr\\\/es\\\/primera-reunion-de-copil-en-santa-lucia\\\/#primaryimage\",\"url\":\"https:\\\/\\\/cambionet.usts.fr\\\/wp-content\\\/uploads\\\/2023\\\/11\\\/1ere-rencontre-projet-cambionet-a-sainte-lucie.png\",\"contentUrl\":\"https:\\\/\\\/cambionet.usts.fr\\\/wp-content\\\/uploads\\\/2023\\\/11\\\/1ere-rencontre-projet-cambionet-a-sainte-lucie.png\",\"width\":1525,\"height\":729,\"caption\":\"s\u00e9minaire cambionet\"},{\"@type\":\"BreadcrumbList\",\"@id\":\"https:\\\/\\\/cambionet.usts.fr\\\/es\\\/primera-reunion-de-copil-en-santa-lucia\\\/#breadcrumb\",\"itemListElement\":[{\"@type\":\"ListItem\",\"position\":1,\"name\":\"Home\",\"item\":\"https:\\\/\\\/cambionet.usts.fr\\\/es\\\/paginal-principal-cambionet\\\/\"},{\"@type\":\"ListItem\",\"position\":2,\"name\":\"Primera reuni\u00f3n de COPIL en Santa Luc\u00eda\"}]},{\"@type\":\"WebSite\",\"@id\":\"https:\\\/\\\/cambionet.usts.fr\\\/es\\\/#website\",\"url\":\"https:\\\/\\\/cambionet.usts.fr\\\/es\\\/\",\"name\":\"Cambionet\",\"description\":\"\",\"publisher\":{\"@id\":\"https:\\\/\\\/cambionet.usts.fr\\\/es\\\/#organization\"},\"potentialAction\":[{\"@type\":\"SearchAction\",\"target\":{\"@type\":\"EntryPoint\",\"urlTemplate\":\"https:\\\/\\\/cambionet.usts.fr\\\/es\\\/?s={search_term_string}\"},\"query-input\":{\"@type\":\"PropertyValueSpecification\",\"valueRequired\":true,\"valueName\":\"search_term_string\"}}],\"inLanguage\":\"es\"},{\"@type\":\"Organization\",\"@id\":\"https:\\\/\\\/cambionet.usts.fr\\\/es\\\/#organization\",\"name\":\"Cambionet\",\"url\":\"https:\\\/\\\/cambionet.usts.fr\\\/es\\\/\",\"logo\":{\"@type\":\"ImageObject\",\"inLanguage\":\"es\",\"@id\":\"https:\\\/\\\/cambionet.usts.fr\\\/es\\\/#\\\/schema\\\/logo\\\/image\\\/\",\"url\":\"https:\\\/\\\/cambionet.usts.fr\\\/wp-content\\\/uploads\\\/2023\\\/10\\\/combi_aligne__fond_blanc_-removebg-preview.png\",\"contentUrl\":\"https:\\\/\\\/cambionet.usts.fr\\\/wp-content\\\/uploads\\\/2023\\\/10\\\/combi_aligne__fond_blanc_-removebg-preview.png\",\"width\":1043,\"height\":210,\"caption\":\"Cambionet\"},\"image\":{\"@id\":\"https:\\\/\\\/cambionet.usts.fr\\\/es\\\/#\\\/schema\\\/logo\\\/image\\\/\"}},{\"@type\":\"Person\",\"@id\":\"https:\\\/\\\/cambionet.usts.fr\\\/es\\\/#\\\/schema\\\/person\\\/b7e1ff310d206699c7ed24fec8fd141b\",\"name\":\"Anais Ramalho\",\"image\":{\"@type\":\"ImageObject\",\"inLanguage\":\"es\",\"@id\":\"https:\\\/\\\/secure.gravatar.com\\\/avatar\\\/527fa4fa112c1fe24d78e83e81e5e7b0defa821eee1494885f5aa55f21af5248?s=96&d=mm&r=g\",\"url\":\"https:\\\/\\\/secure.gravatar.com\\\/avatar\\\/527fa4fa112c1fe24d78e83e81e5e7b0defa821eee1494885f5aa55f21af5248?s=96&d=mm&r=g\",\"contentUrl\":\"https:\\\/\\\/secure.gravatar.com\\\/avatar\\\/527fa4fa112c1fe24d78e83e81e5e7b0defa821eee1494885f5aa55f21af5248?s=96&d=mm&r=g\",\"caption\":\"Anais Ramalho\"},\"url\":\"https:\\\/\\\/cambionet.usts.fr\\\/es\\\/author\\\/anais-r\\\/\"}]}<\/script>\n<!-- \/ Yoast SEO plugin. -->","yoast_head_json":{"title":"Primera reuni\u00f3n de COPIL en Santa Luc\u00eda","description":"Los integrantes del proyecto CambioNet se reunieron por primera vez cara a cara, en Santa Luc\u00eda. Fue un largo seminario [...]","robots":{"index":"noindex","follow":"follow","max-snippet":"max-snippet:-1","max-image-preview":"max-image-preview:large","max-video-preview":"max-video-preview:-1"},"og_locale":"es_ES","og_type":"article","og_title":"Primera reuni\u00f3n de COPIL en Santa Luc\u00eda","og_description":"Los integrantes del proyecto CambioNet se reunieron por primera vez cara a cara, en Santa Luc\u00eda. Fue un largo seminario [...]","og_url":"https:\/\/cambionet.usts.fr\/es\/primera-reunion-de-copil-en-santa-lucia\/","og_site_name":"Cambionet","article_published_time":"2023-11-17T20:46:55+00:00","article_modified_time":"2024-02-16T12:50:03+00:00","og_image":[{"width":1024,"height":490,"url":"https:\/\/cambionet.usts.fr\/wp-content\/uploads\/2023\/11\/1ere-rencontre-projet-cambionet-a-sainte-lucie-1024x490.png","type":"image\/png"}],"author":"Anais Ramalho","twitter_card":"summary_large_image","twitter_misc":{"Escrito por":"Anais Ramalho","Tiempo de lectura":"1 minuto"},"schema":{"@context":"https:\/\/schema.org","@graph":[{"@type":"Article","@id":"https:\/\/cambionet.usts.fr\/es\/primera-reunion-de-copil-en-santa-lucia\/#article","isPartOf":{"@id":"https:\/\/cambionet.usts.fr\/es\/primera-reunion-de-copil-en-santa-lucia\/"},"author":{"name":"Anais Ramalho","@id":"https:\/\/cambionet.usts.fr\/es\/#\/schema\/person\/b7e1ff310d206699c7ed24fec8fd141b"},"headline":"Primera reuni\u00f3n de COPIL en Santa Luc\u00eda","datePublished":"2023-11-17T20:46:55+00:00","dateModified":"2024-02-16T12:50:03+00:00","mainEntityOfPage":{"@id":"https:\/\/cambionet.usts.fr\/es\/primera-reunion-de-copil-en-santa-lucia\/"},"wordCount":247,"commentCount":0,"publisher":{"@id":"https:\/\/cambionet.usts.fr\/es\/#organization"},"image":{"@id":"https:\/\/cambionet.usts.fr\/es\/primera-reunion-de-copil-en-santa-lucia\/#primaryimage"},"thumbnailUrl":"https:\/\/cambionet.usts.fr\/wp-content\/uploads\/2023\/11\/1ere-rencontre-projet-cambionet-a-sainte-lucie.png","articleSection":["Noticias"],"inLanguage":"es","potentialAction":[{"@type":"CommentAction","name":"Comment","target":["https:\/\/cambionet.usts.fr\/es\/primera-reunion-de-copil-en-santa-lucia\/#respond"]}]},{"@type":"WebPage","@id":"https:\/\/cambionet.usts.fr\/es\/primera-reunion-de-copil-en-santa-lucia\/","url":"https:\/\/cambionet.usts.fr\/es\/primera-reunion-de-copil-en-santa-lucia\/","name":"Primera reuni\u00f3n de COPIL en Santa Luc\u00eda","isPartOf":{"@id":"https:\/\/cambionet.usts.fr\/es\/#website"},"primaryImageOfPage":{"@id":"https:\/\/cambionet.usts.fr\/es\/primera-reunion-de-copil-en-santa-lucia\/#primaryimage"},"image":{"@id":"https:\/\/cambionet.usts.fr\/es\/primera-reunion-de-copil-en-santa-lucia\/#primaryimage"},"thumbnailUrl":"https:\/\/cambionet.usts.fr\/wp-content\/uploads\/2023\/11\/1ere-rencontre-projet-cambionet-a-sainte-lucie.png","datePublished":"2023-11-17T20:46:55+00:00","dateModified":"2024-02-16T12:50:03+00:00","description":"Los integrantes del proyecto CambioNet se reunieron por primera vez cara a cara, en Santa Luc\u00eda. Fue un largo seminario [...]","breadcrumb":{"@id":"https:\/\/cambionet.usts.fr\/es\/primera-reunion-de-copil-en-santa-lucia\/#breadcrumb"},"inLanguage":"es","potentialAction":[{"@type":"ReadAction","target":["https:\/\/cambionet.usts.fr\/es\/primera-reunion-de-copil-en-santa-lucia\/"]}]},{"@type":"ImageObject","inLanguage":"es","@id":"https:\/\/cambionet.usts.fr\/es\/primera-reunion-de-copil-en-santa-lucia\/#primaryimage","url":"https:\/\/cambionet.usts.fr\/wp-content\/uploads\/2023\/11\/1ere-rencontre-projet-cambionet-a-sainte-lucie.png","contentUrl":"https:\/\/cambionet.usts.fr\/wp-content\/uploads\/2023\/11\/1ere-rencontre-projet-cambionet-a-sainte-lucie.png","width":1525,"height":729,"caption":"s\u00e9minaire cambionet"},{"@type":"BreadcrumbList","@id":"https:\/\/cambionet.usts.fr\/es\/primera-reunion-de-copil-en-santa-lucia\/#breadcrumb","itemListElement":[{"@type":"ListItem","position":1,"name":"Home","item":"https:\/\/cambionet.usts.fr\/es\/paginal-principal-cambionet\/"},{"@type":"ListItem","position":2,"name":"Primera reuni\u00f3n de COPIL en Santa Luc\u00eda"}]},{"@type":"WebSite","@id":"https:\/\/cambionet.usts.fr\/es\/#website","url":"https:\/\/cambionet.usts.fr\/es\/","name":"Cambionet","description":"","publisher":{"@id":"https:\/\/cambionet.usts.fr\/es\/#organization"},"potentialAction":[{"@type":"SearchAction","target":{"@type":"EntryPoint","urlTemplate":"https:\/\/cambionet.usts.fr\/es\/?s={search_term_string}"},"query-input":{"@type":"PropertyValueSpecification","valueRequired":true,"valueName":"search_term_string"}}],"inLanguage":"es"},{"@type":"Organization","@id":"https:\/\/cambionet.usts.fr\/es\/#organization","name":"Cambionet","url":"https:\/\/cambionet.usts.fr\/es\/","logo":{"@type":"ImageObject","inLanguage":"es","@id":"https:\/\/cambionet.usts.fr\/es\/#\/schema\/logo\/image\/","url":"https:\/\/cambionet.usts.fr\/wp-content\/uploads\/2023\/10\/combi_aligne__fond_blanc_-removebg-preview.png","contentUrl":"https:\/\/cambionet.usts.fr\/wp-content\/uploads\/2023\/10\/combi_aligne__fond_blanc_-removebg-preview.png","width":1043,"height":210,"caption":"Cambionet"},"image":{"@id":"https:\/\/cambionet.usts.fr\/es\/#\/schema\/logo\/image\/"}},{"@type":"Person","@id":"https:\/\/cambionet.usts.fr\/es\/#\/schema\/person\/b7e1ff310d206699c7ed24fec8fd141b","name":"Anais Ramalho","image":{"@type":"ImageObject","inLanguage":"es","@id":"https:\/\/secure.gravatar.com\/avatar\/527fa4fa112c1fe24d78e83e81e5e7b0defa821eee1494885f5aa55f21af5248?s=96&d=mm&r=g","url":"https:\/\/secure.gravatar.com\/avatar\/527fa4fa112c1fe24d78e83e81e5e7b0defa821eee1494885f5aa55f21af5248?s=96&d=mm&r=g","contentUrl":"https:\/\/secure.gravatar.com\/avatar\/527fa4fa112c1fe24d78e83e81e5e7b0defa821eee1494885f5aa55f21af5248?s=96&d=mm&r=g","caption":"Anais Ramalho"},"url":"https:\/\/cambionet.usts.fr\/es\/author\/anais-r\/"}]}},"rttpg_featured_image_url":{"full":["https:\/\/cambionet.usts.fr\/wp-content\/uploads\/2023\/11\/1ere-rencontre-projet-cambionet-a-sainte-lucie.png",1525,729,false],"landscape":["https:\/\/cambionet.usts.fr\/wp-content\/uploads\/2023\/11\/1ere-rencontre-projet-cambionet-a-sainte-lucie.png",1525,729,false],"portraits":["https:\/\/cambionet.usts.fr\/wp-content\/uploads\/2023\/11\/1ere-rencontre-projet-cambionet-a-sainte-lucie.png",1525,729,false],"thumbnail":["https:\/\/cambionet.usts.fr\/wp-content\/uploads\/2023\/11\/1ere-rencontre-projet-cambionet-a-sainte-lucie-150x150.png",150,150,true],"medium":["https:\/\/cambionet.usts.fr\/wp-content\/uploads\/2023\/11\/1ere-rencontre-projet-cambionet-a-sainte-lucie-300x143.png",300,143,true],"large":["https:\/\/cambionet.usts.fr\/wp-content\/uploads\/2023\/11\/1ere-rencontre-projet-cambionet-a-sainte-lucie-1024x490.png",800,383,true],"1536x1536":["https:\/\/cambionet.usts.fr\/wp-content\/uploads\/2023\/11\/1ere-rencontre-projet-cambionet-a-sainte-lucie.png",1525,729,false],"2048x2048":["https:\/\/cambionet.usts.fr\/wp-content\/uploads\/2023\/11\/1ere-rencontre-projet-cambionet-a-sainte-lucie.png",1525,729,false],"gform-image-choice-sm":["https:\/\/cambionet.usts.fr\/wp-content\/uploads\/2023\/11\/1ere-rencontre-projet-cambionet-a-sainte-lucie.png",300,143,false],"gform-image-choice-md":["https:\/\/cambionet.usts.fr\/wp-content\/uploads\/2023\/11\/1ere-rencontre-projet-cambionet-a-sainte-lucie.png",400,191,false],"gform-image-choice-lg":["https:\/\/cambionet.usts.fr\/wp-content\/uploads\/2023\/11\/1ere-rencontre-projet-cambionet-a-sainte-lucie.png",600,287,false]},"rttpg_author":{"display_name":"Anais Ramalho","author_link":"https:\/\/cambionet.usts.fr\/es\/author\/anais-r\/"},"rttpg_comment":0,"rttpg_category":"<a href=\"https:\/\/cambionet.usts.fr\/es\/category\/noticias\/\" rel=\"category tag\">Noticias<\/a>","rttpg_excerpt":"Primera reuni\u00f3n de COPIL en Santa Luc\u00eda Julio 2022 Los integrantes del proyecto CambioNet se reunieron por primera vez cara a cara, en Santa Luc\u00eda, en julio de 2022. Este fue un seminario de larga duraci\u00f3n, que incluye varias sesiones del Comit\u00e9 Ejecutivo para revisar y trabajar en los avances y diferentes planes de acci\u00f3n&hellip;","_links":{"self":[{"href":"https:\/\/cambionet.usts.fr\/es\/wp-json\/wp\/v2\/posts\/4620","targetHints":{"allow":["GET"]}}],"collection":[{"href":"https:\/\/cambionet.usts.fr\/es\/wp-json\/wp\/v2\/posts"}],"about":[{"href":"https:\/\/cambionet.usts.fr\/es\/wp-json\/wp\/v2\/types\/post"}],"author":[{"embeddable":true,"href":"https:\/\/cambionet.usts.fr\/es\/wp-json\/wp\/v2\/users\/6"}],"replies":[{"embeddable":true,"href":"https:\/\/cambionet.usts.fr\/es\/wp-json\/wp\/v2\/comments?post=4620"}],"version-history":[{"count":1,"href":"https:\/\/cambionet.usts.fr\/es\/wp-json\/wp\/v2\/posts\/4620\/revisions"}],"predecessor-version":[{"id":4621,"href":"https:\/\/cambionet.usts.fr\/es\/wp-json\/wp\/v2\/posts\/4620\/revisions\/4621"}],"wp:featuredmedia":[{"embeddable":true,"href":"https:\/\/cambionet.usts.fr\/es\/wp-json\/wp\/v2\/media\/1030"}],"wp:attachment":[{"href":"https:\/\/cambionet.usts.fr\/es\/wp-json\/wp\/v2\/media?parent=4620"}],"wp:term":[{"taxonomy":"category","embeddable":true,"href":"https:\/\/cambionet.usts.fr\/es\/wp-json\/wp\/v2\/categories?post=4620"},{"taxonomy":"post_tag","embeddable":true,"href":"https:\/\/cambionet.usts.fr\/es\/wp-json\/wp\/v2\/tags?post=4620"}],"curies":[{"name":"wp","href":"https:\/\/api.w.org\/{rel}","templated":true}]}}